{"id":4155,"date":"2024-12-28T18:00:17","date_gmt":"2024-12-28T17:00:17","guid":{"rendered":"https:\/\/www.diocesidiroma.it\/catecumenato\/?p=4155"},"modified":"2024-12-18T17:18:11","modified_gmt":"2024-12-18T16:18:11","slug":"santa-famiglia-di-gesu-maria-e-giuseppe","status":"publish","type":"post","link":"https:\/\/www.diocesidiroma.it\/catecumenato\/index.php\/santa-famiglia-di-gesu-maria-e-giuseppe\/","title":{"rendered":"Santa Famiglia di Ges\u00f9, Maria e Giuseppe"},"content":{"rendered":"<p><strong>Dai \u00abDiscorsi\u00bb di Paolo VI, papa<\/strong><br \/>\n<span style=\"color: #ff0000;\">(Discorso tenuto a Nazaret, 5 gennaio 1964)<\/span><\/p>\n<p style=\"text-align: center;\"><em><span style=\"color: #ff0000;\">L\u2019esempio di Nazaret<\/span><\/em><\/p>\n<p>\u00a0 \u00a0 \u00a0La casa di Nazaret \u00e8 la scuola dove si \u00e8 iniziati a comprendere la vita di Ges\u00f9, cio\u00e8 la scuola del vangelo. Qui si impara ad osservare, ad ascoltare, a meditare, a penetrare il significato cos\u00ec profondo e cos\u00ec misterioso di questa manifestazione del Figlio di Dio tanto semplice, umile e bella. Forse anche impariamo, quasi senza accorgercene, ad imitare.<br \/>\nQui impariamo il metodo che ci permetter\u00e0 di conoscere chi \u00e8 il Cristo. Qui scopriamo il bisogno di osservare il quadro del suo soggiorno in mezzo a noi: cio\u00e8 i luoghi, i tempi, i costumi, il linguaggio, i sacri riti, tutto insomma ci\u00f2 di cui Ges\u00f9 si serv\u00ec per manifestarsi al mondo.<br \/>\nQui tutto ha una voce, tutto ha un significato. Qui, a questa scuola, certo comprendiamo perch\u00e9 dobbiamo tenere una disciplina spirituale, se vogliamo seguire la dottrina del vangelo e diventare discepoli del Cristo. Oh! come volentieri vorremmo ritornare fanciulli e metterci a questa umile e sublime scuola di Nazaret! Quanto ardentemente desidereremmo di ricominciare, vicino a Maria, ad apprendere la vera scienza della vita e la superiore sapienza delle verit\u00e0 divine! Ma noi non siamo che di passaggio e ci \u00e8 necessario deporre il desiderio di continuare a conoscere, in questa casa, la mai compiuta formazione all\u2019intelligenza del vangelo. Tuttavia non lasceremo questo luogo senza aver raccolto, quasi furtivamente, alcuni brevi ammonimenti dalla casa di Nazaret.<br \/>\nIn primo luogo essa ci insegna il silenzio. Oh! se rinascesse in noi la stima del silenzio, atmosfera ammirabile ed indispensabile dello spirito: mentre siamo storditi da tanti frastuoni, rumori e voci clamorose nella esagitata e tumultuosa vita del nostro tempo. Oh! silenzio di Nazaret, insegnaci ad essere fermi nei buoni pensieri, intenti alla vita interiore, pronti a ben sentire le segrete ispirazioni di Dio e le esortazioni dei veri maestri. Insegnaci quanto importanti e necessari siano il lavoro di preparazione, lo studio, la meditazione, l\u2019interiorit\u00e0 della vita, la preghiera, che Dio solo vede nel segreto.<br \/>\nQui comprendiamo il modo di vivere in famiglia. Nazaret ci ricordi cos\u2019\u00e8 la famiglia, cos\u2019\u00e8 la comunione di amore, la sua bellezza austera e semplice, il suo carattere sacro ed inviolabile; ci faccia vedere com\u2019\u00e8 dolce ed insostituibile l\u2019educazione in famiglia, ci insegni la sua funzione naturale nell\u2019ordine sociale. Infine impariamo la lezione del lavoro. Oh! dimora di Nazaret, casa del Figlio del falegname! Qui soprattutto desideriamo comprendere e celebrare la legge, severa certo, ma redentrice della fatica umana; qui nobilitare la dignit\u00e0 del lavoro in modo che sia sentita da tutti; ricordare sotto questo tetto che il lavoro non pu\u00f2 essere fine a se stesso, ma che riceve la sua libert\u00e0 ed eccellenza, non solamente da quello che si chiama valore economico, ma anche da ci\u00f2 che lo volge al suo nobile fine; qui infine vogliamo salutare gli operai di tutto il mondo e mostrar loro il grande modello, il loro divino fratello, il profeta di tutte le giuste cause che li riguardano, cio\u00e8 Cristo nostro Signore.<\/p>\n","protected":false},"excerpt":{"rendered":"Dai \u00abDiscorsi\u00bb di Paolo VI, papa (Discorso tenuto a Nazaret, 5 gennaio 1964) L\u2019esempio di Nazaret \u00a0 \u00a0 \u00a0La casa di Nazaret \u00e8 la scuola dove si \u00e8 iniziati a comprendere la vita di Ges\u00f9, cio\u00e8 la scuola del vangelo. Qui si impara ad osservare, ad ascoltare, a meditare, a penetrare il significato cos\u00ec profondo [&hellip;]","protected":false},"author":3,"featured_media":4156,"comment_status":"closed","ping_status":"open","sticky":false,"template":"","format":"standard","meta":{"footnotes":""},"categories":[4],"tags":[],"class_list":["post-4155","post","type-post","status-publish","format-standard","has-post-thumbnail","hentry","category-notizie"],"_links":{"self":[{"href":"https:\/\/www.diocesidiroma.it\/catecumenato\/index.php\/wp-json\/wp\/v2\/posts\/4155","targetHints":{"allow":["GET"]}}],"collection":[{"href":"https:\/\/www.diocesidiroma.it\/catecumenato\/index.php\/wp-json\/wp\/v2\/posts"}],"about":[{"href":"https:\/\/www.diocesidiroma.it\/catecumenato\/index.php\/wp-json\/wp\/v2\/types\/post"}],"author":[{"embeddable":true,"href":"https:\/\/www.diocesidiroma.it\/catecumenato\/index.php\/wp-json\/wp\/v2\/users\/3"}],"replies":[{"embeddable":true,"href":"https:\/\/www.diocesidiroma.it\/catecumenato\/index.php\/wp-json\/wp\/v2\/comments?post=4155"}],"version-history":[{"count":1,"href":"https:\/\/www.diocesidiroma.it\/catecumenato\/index.php\/wp-json\/wp\/v2\/posts\/4155\/revisions"}],"predecessor-version":[{"id":4157,"href":"https:\/\/www.diocesidiroma.it\/catecumenato\/index.php\/wp-json\/wp\/v2\/posts\/4155\/revisions\/4157"}],"wp:featuredmedia":[{"embeddable":true,"href":"https:\/\/www.diocesidiroma.it\/catecumenato\/index.php\/wp-json\/wp\/v2\/media\/4156"}],"wp:attachment":[{"href":"https:\/\/www.diocesidiroma.it\/catecumenato\/index.php\/wp-json\/wp\/v2\/media?parent=4155"}],"wp:term":[{"taxonomy":"category","embeddable":true,"href":"https:\/\/www.diocesidiroma.it\/catecumenato\/index.php\/wp-json\/wp\/v2\/categories?post=4155"},{"taxonomy":"post_tag","embeddable":true,"href":"https:\/\/www.diocesidiroma.it\/catecumenato\/index.php\/wp-json\/wp\/v2\/tags?post=4155"}],"curies":[{"name":"wp","href":"https:\/\/api.w.org\/{rel}","templated":true}]}}