{"id":4158,"date":"2024-12-31T18:00:46","date_gmt":"2024-12-31T17:00:46","guid":{"rendered":"https:\/\/www.diocesidiroma.it\/catecumenato\/?p=4158"},"modified":"2025-01-09T11:20:29","modified_gmt":"2025-01-09T10:20:29","slug":"maria-ss-madre-di-dio","status":"publish","type":"post","link":"https:\/\/www.diocesidiroma.it\/catecumenato\/index.php\/maria-ss-madre-di-dio\/","title":{"rendered":"Maria SS. Madre di Dio"},"content":{"rendered":"<p><strong>Dalle \u00abLettere\u00bb di sant\u2019Atanasio, vescovo<\/strong><br \/>\n<span style=\"color: #ff0000;\">(Ad Epitt\u00e8to 5-9; PG 26, 1058. 1062-1066)<\/span><\/p>\n<p style=\"text-align: center;\"><span style=\"color: #ff0000;\"><em>Il Verbo ha assunto da Maria la natura umana<\/em><\/span><\/p>\n<p>\u00a0 \u00a0 \u00a0Il Verbo di Dio, come dice l\u2019Apostolo, \u00abdella stirpe di Abramo si prende cura. Perci\u00f2 doveva rendersi in tutto simile ai fratelli\u00bb (Eb 2, 16. 17) e prendere un corpo simile al nostro. Per questo Maria ebbe la sua esistenza nel mondo, perch\u00e9 da lei Cristo prendesse questo corpo e lo offrisse, in quanto suo, per noi.<br \/>\nPerci\u00f2 la Scrittura, quando parla della nascita del Cristo, dice: \u00abLo avvolse in fasce\u00bb (Lc 2, 7). Per questo fu detto beato il seno da cui prese il latte. Quando la madre diede alla luce il Salvatore, egli fu offerto in sacrificio.<br \/>\nGabriele aveva dato l\u2019annunzio a Maria con cautela e delicatezza. Per\u00f2 non le disse semplicemente colui che nascer\u00e0 in te, perch\u00e9 non si pensasse a un corpo estraneo a lei, ma: da te (cfr. Lc 1, 35), perch\u00e9 si sapesse che colui che ella dava al mondo aveva origine proprio da lei.<br \/>\nIl Verbo, assunto in s\u00e9 ci\u00f2 che era nostro, lo offr\u00ec in sacrificio e lo distrusse con la morte. Poi rivest\u00ec noi della sua condizione, secondo quanto dice l\u2019Apostolo: Bisogna che questo corpo corruttibile si vesta di incorruttibilit\u00e0 e che questo corpo mortale si vesta di immortalit\u00e0 (cfr. 1 Cor 15, 53).<br \/>\nTuttavia ci\u00f2 non \u00e8 certo un mito, come alcuni vanno dicendo. Lungi da noi un tale pensiero. Il nostro Salvatore fu veramente uomo, e da ci\u00f2 venne la salvezza di tutta l\u2019umanit\u00e0. In nessuna maniera la nostra salvezza si pu\u00f2 dire fittizia. Egli salv\u00f2 tutto l\u2019uomo, corpo e anima. La salvezza si \u00e8 realizzata nello stesso Verbo.<br \/>\nVeramente umana era la natura che nacque da Maria, secondo le Scritture, e reale, cio\u00e8 umano, era il corpo del Signore; vero, perch\u00e9 del tutto identico al nostro; infatti Maria \u00e8 nostra sorella poich\u00e9 tutti abbiamo origine in Adamo.<br \/>\nCi\u00f2 che leggiamo in Giovanni, \u00abil Verbo si fece carne\u00bb (Gv 1, 14), ha dunque questo significato, poich\u00e9 si interpreta come altre parole simili.<br \/>\nSta scritto infatti in Paolo: Cristo per noi divenne lui stesso maledizione (cfr. Gal 3, 13). L\u2019uomo in questa intima unione del Verbo ricevette una ricchezza enorme: dalla condizione di mortalit\u00e0 divenne immortale; mentre era legato alla vita fisica, divenne partecipe dello Spirito; anche se fatto di terra, \u00e8 entrato nel regno del cielo.<br \/>\nBench\u00e9 il Verbo abbia preso un corpo mortale da Maria, la Trinit\u00e0 \u00e8 rimasta in se stessa qual era, senza sorta di aggiunte o sottrazioni. \u00c8 rimasta assoluta perfezione: Trinit\u00e0 e unica divinit\u00e0. E cos\u00ec nella Chiesa si proclama un solo Dio nel Padre e nel Verbo.<\/p>\n","protected":false},"excerpt":{"rendered":"Dalle \u00abLettere\u00bb di sant\u2019Atanasio, vescovo (Ad Epitt\u00e8to 5-9; PG 26, 1058. 1062-1066) Il Verbo ha assunto da Maria la natura umana \u00a0 \u00a0 \u00a0Il Verbo di Dio, come dice l\u2019Apostolo, \u00abdella stirpe di Abramo si prende cura. Perci\u00f2 doveva rendersi in tutto simile ai fratelli\u00bb (Eb 2, 16. 17) e prendere un corpo simile al [&hellip;]","protected":false},"author":3,"featured_media":4159,"comment_status":"closed","ping_status":"open","sticky":false,"template":"","format":"standard","meta":{"footnotes":""},"categories":[4],"tags":[],"class_list":["post-4158","post","type-post","status-publish","format-standard","has-post-thumbnail","hentry","category-notizie"],"_links":{"self":[{"href":"https:\/\/www.diocesidiroma.it\/catecumenato\/index.php\/wp-json\/wp\/v2\/posts\/4158","targetHints":{"allow":["GET"]}}],"collection":[{"href":"https:\/\/www.diocesidiroma.it\/catecumenato\/index.php\/wp-json\/wp\/v2\/posts"}],"about":[{"href":"https:\/\/www.diocesidiroma.it\/catecumenato\/index.php\/wp-json\/wp\/v2\/types\/post"}],"author":[{"embeddable":true,"href":"https:\/\/www.diocesidiroma.it\/catecumenato\/index.php\/wp-json\/wp\/v2\/users\/3"}],"replies":[{"embeddable":true,"href":"https:\/\/www.diocesidiroma.it\/catecumenato\/index.php\/wp-json\/wp\/v2\/comments?post=4158"}],"version-history":[{"count":1,"href":"https:\/\/www.diocesidiroma.it\/catecumenato\/index.php\/wp-json\/wp\/v2\/posts\/4158\/revisions"}],"predecessor-version":[{"id":4160,"href":"https:\/\/www.diocesidiroma.it\/catecumenato\/index.php\/wp-json\/wp\/v2\/posts\/4158\/revisions\/4160"}],"wp:featuredmedia":[{"embeddable":true,"href":"https:\/\/www.diocesidiroma.it\/catecumenato\/index.php\/wp-json\/wp\/v2\/media\/4159"}],"wp:attachment":[{"href":"https:\/\/www.diocesidiroma.it\/catecumenato\/index.php\/wp-json\/wp\/v2\/media?parent=4158"}],"wp:term":[{"taxonomy":"category","embeddable":true,"href":"https:\/\/www.diocesidiroma.it\/catecumenato\/index.php\/wp-json\/wp\/v2\/categories?post=4158"},{"taxonomy":"post_tag","embeddable":true,"href":"https:\/\/www.diocesidiroma.it\/catecumenato\/index.php\/wp-json\/wp\/v2\/tags?post=4158"}],"curies":[{"name":"wp","href":"https:\/\/api.w.org\/{rel}","templated":true}]}}