{"id":4161,"date":"2025-01-05T18:00:47","date_gmt":"2025-01-05T17:00:47","guid":{"rendered":"https:\/\/www.diocesidiroma.it\/catecumenato\/?p=4161"},"modified":"2024-12-18T17:21:27","modified_gmt":"2024-12-18T16:21:27","slug":"epifania-del-signore","status":"publish","type":"post","link":"https:\/\/www.diocesidiroma.it\/catecumenato\/index.php\/epifania-del-signore\/","title":{"rendered":"EPIFANIA DEL SIGNORE"},"content":{"rendered":"<p><strong>Dai \u00abDiscorsi\u00bb di san Leone Magno, papa<\/strong><br \/>\n<span style=\"color: #ff0000;\">(Disc. 3 per l\u2019Epifania, 1-3. 5; PL 54, 240-244)<\/span><\/p>\n<p style=\"text-align: center;\"><span style=\"color: #ff0000;\"><em>Il Signore ha manifestato in tutto il mondo la sua salvezza<\/em><\/span><\/p>\n<p>\u00a0 \u00a0 \u00a0La Provvidenza misericordiosa, avendo deciso di soccorrere negli ultimi tempi il mondo che andava in rovina, stabil\u00ec che la salvezza di tutti i popoli si compisse nel Cristo.<br \/>\nUn tempo era stata promessa ad Abramo una innumerevole discendenza che sarebbe stata generata non secondo la carne, ma nella fecondit\u00e0 della fede: essa era stata paragonata alla moltitudine delle stelle perch\u00e9 il padre di tutte le genti si attendesse non una stirpe terrena, ma celeste.<br \/>\nEntri, entri dunque nella famiglia dei patriarchi la grande massa delle genti, e i figli della promessa ricevano la benedizione come stirpe di Abramo, mentre a questa rinunziano i figli del suo sangue. Tutti i popoli, rappresentati dai tre magi, adorino il Creatore dell\u2019universo, e Dio sia conosciuto non nella Giudea soltanto, ma in tutta la terra, perch\u00e9 ovunque in Israele sia grande il suo nome (cfr. Sal 75, 2).<br \/>\nFigli carissimi, ammaestrati da questi misteri della grazia divina, celebriamo nella gioia dello spirito il giorno della nostra nascita e l\u2019inizio della chiamata alla fede di tutte le genti. Ringraziamo Dio misericordioso che, come afferma l\u2019Apostolo, \u00abci ha messo in grado di partecipare alla sorte dei santi nella luce. \u00c8 lui che ci ha liberati dal potere delle tenebre e ci ha trasferiti nel regno del suo Figlio diletto\u00bb (Col 1, 12-13). L\u2019aveva annunziato Isaia: Il popolo dei Gentili, che sedeva nelle tenebre, vide una grande luce e su quanti abitavano nella terra tenebrosa una luce rifulse (cfr. Is 9, 1). Di essi ancora Isaia dice al Signore: Popoli che non ti conoscono ti invocheranno, e popoli che ti ignorano accorreranno a te (cfr. Is 55, 5).<br \/>\nAbramo vide questo giorno e gio\u00ec (cfr. Gv 8, 56). Gio\u00ec quando conobbe che i figli della sua fede sarebbero stati benedetti nella sua discendenza, cio\u00e8 nel Cristo, e quando intravide che per la sua fede sarebbe diventato padre di tutti i popoli. Diede gloria a Dio, pienamente convinto che quanto il Signore aveva promesso lo avrebbe attuato (Rm 4, 20-21). Questo giorno cantava nei salmi Davide dicendo: \u00abTutti i popoli che hai creato verranno e si prostreranno davanti a te, o Signore, per dare gloria al tuo nome\u00bb (Sal 85, 9); e ancora: \u00abIl Signore ha manifestato la sua salvezza, agli occhi dei popoli ha rivelato la sua giustizia\u00bb (Sal 97, 2).<br \/>\nTutto questo, lo sappiamo, si \u00e8 realizzato quando i tre magi, chiamati dai loro lontani paesi, furono condotti da una stella a conoscere e adorare il Re del cielo e della terra. Questa stella ci esorta particolarmente a imitare il servizio che essa prest\u00f2, nel senso che dobbiamo seguire, con tutte le nostre forze, la grazia che invita tutti al Cristo. In questo impegno, miei cari, dovete tutti aiutarvi l\u2019un l\u2019altro. Risplenderete cos\u00ec come figli della luce nel regno di Dio, dove conducono la retta fede e le buone opere. Per il nostro Signore Ges\u00f9 Cristo che con Dio Padre e con lo Spirito Santo vive e regna per tutti i secoli dei secoli. Amen.<\/p>\n","protected":false},"excerpt":{"rendered":"Dai \u00abDiscorsi\u00bb di san Leone Magno, papa (Disc. 3 per l\u2019Epifania, 1-3. 5; PL 54, 240-244) Il Signore ha manifestato in tutto il mondo la sua salvezza \u00a0 \u00a0 \u00a0La Provvidenza misericordiosa, avendo deciso di soccorrere negli ultimi tempi il mondo che andava in rovina, stabil\u00ec che la salvezza di tutti i popoli si compisse [&hellip;]","protected":false},"author":3,"featured_media":4162,"comment_status":"closed","ping_status":"open","sticky":false,"template":"","format":"standard","meta":{"footnotes":""},"categories":[4],"tags":[],"class_list":["post-4161","post","type-post","status-publish","format-standard","has-post-thumbnail","hentry","category-notizie"],"_links":{"self":[{"href":"https:\/\/www.diocesidiroma.it\/catecumenato\/index.php\/wp-json\/wp\/v2\/posts\/4161","targetHints":{"allow":["GET"]}}],"collection":[{"href":"https:\/\/www.diocesidiroma.it\/catecumenato\/index.php\/wp-json\/wp\/v2\/posts"}],"about":[{"href":"https:\/\/www.diocesidiroma.it\/catecumenato\/index.php\/wp-json\/wp\/v2\/types\/post"}],"author":[{"embeddable":true,"href":"https:\/\/www.diocesidiroma.it\/catecumenato\/index.php\/wp-json\/wp\/v2\/users\/3"}],"replies":[{"embeddable":true,"href":"https:\/\/www.diocesidiroma.it\/catecumenato\/index.php\/wp-json\/wp\/v2\/comments?post=4161"}],"version-history":[{"count":1,"href":"https:\/\/www.diocesidiroma.it\/catecumenato\/index.php\/wp-json\/wp\/v2\/posts\/4161\/revisions"}],"predecessor-version":[{"id":4163,"href":"https:\/\/www.diocesidiroma.it\/catecumenato\/index.php\/wp-json\/wp\/v2\/posts\/4161\/revisions\/4163"}],"wp:featuredmedia":[{"embeddable":true,"href":"https:\/\/www.diocesidiroma.it\/catecumenato\/index.php\/wp-json\/wp\/v2\/media\/4162"}],"wp:attachment":[{"href":"https:\/\/www.diocesidiroma.it\/catecumenato\/index.php\/wp-json\/wp\/v2\/media?parent=4161"}],"wp:term":[{"taxonomy":"category","embeddable":true,"href":"https:\/\/www.diocesidiroma.it\/catecumenato\/index.php\/wp-json\/wp\/v2\/categories?post=4161"},{"taxonomy":"post_tag","embeddable":true,"href":"https:\/\/www.diocesidiroma.it\/catecumenato\/index.php\/wp-json\/wp\/v2\/tags?post=4161"}],"curies":[{"name":"wp","href":"https:\/\/api.w.org\/{rel}","templated":true}]}}