{"id":4185,"date":"2025-01-13T13:59:33","date_gmt":"2025-01-13T12:59:33","guid":{"rendered":"https:\/\/www.diocesidiroma.it\/catecumenato\/?p=4185"},"modified":"2025-01-21T10:52:21","modified_gmt":"2025-01-21T09:52:21","slug":"domenica-19-gennaio-2025-pellegrinaggio-allabbazia-tre-fontane","status":"publish","type":"post","link":"https:\/\/www.diocesidiroma.it\/catecumenato\/index.php\/domenica-19-gennaio-2025-pellegrinaggio-allabbazia-tre-fontane\/","title":{"rendered":"Domenica 19 gennaio 2025: pellegrinaggio all&#8217;Abbazia Tre Fontane"},"content":{"rendered":"<p>Carissimi catecumeni e catechisti,<\/p>\n<p>bentrovati!<\/p>\n<p>All\u2019inizio del nuovo anno, vogliamo proporvi l\u2019esperienza di metterci insieme sulle orme di San Paolo, Apostolo delle genti, che, pur non avendo conosciuto personalmente il Signore Ges\u00f9, \u00e8 diventato un discepolo fra i pi\u00f9 grandi, insieme a San Pietro.<\/p>\n<p>Con la sua parola e con i suoi scritti ha diffuso il messaggio del Vangelo. Ci mettiamo in ascolto della sua vita per vedere come anche la nostra vita di fede pu\u00f2 essere arricchita dalla sua esperienza.<\/p>\n<p>Ci ritroveremo <strong>domenica 19 gennaio 2025, alle ore 14.30, presso il Collegio Serafico di San Francesco &#8220;<em>Seraphicum<\/em>&#8220;<\/strong> (Via del Serafico, 1 &#8211; Roma). Da qui, dopo una breve catechesi sulla figura di Paolo, andremo in pellegrinaggio a piedi fino all\u2019Abbazia Tre Fontane (distante circa 1 km).<\/p>\n<p>Nell&#8217;attesa di vederci di persona, vi inviamo un caro saluto.<\/p>\n","protected":false},"excerpt":{"rendered":"Carissimi catecumeni e catechisti, bentrovati! All\u2019inizio del nuovo anno, vogliamo proporvi l\u2019esperienza di metterci insieme sulle orme di San Paolo, Apostolo delle genti, che, pur non avendo conosciuto personalmente il Signore Ges\u00f9, \u00e8 diventato un discepolo fra i pi\u00f9 grandi, insieme a San Pietro. Con la sua parola e con i suoi scritti ha diffuso [&hellip;]","protected":false},"author":3,"featured_media":4186,"comment_status":"closed","ping_status":"open","sticky":false,"template":"","format":"standard","meta":{"footnotes":""},"categories":[19,4],"tags":[],"class_list":["post-4185","post","type-post","status-publish","format-standard","has-post-thumbnail","hentry","category-battesimo-adulti","category-notizie"],"_links":{"self":[{"href":"https:\/\/www.diocesidiroma.it\/catecumenato\/index.php\/wp-json\/wp\/v2\/posts\/4185","targetHints":{"allow":["GET"]}}],"collection":[{"href":"https:\/\/www.diocesidiroma.it\/catecumenato\/index.php\/wp-json\/wp\/v2\/posts"}],"about":[{"href":"https:\/\/www.diocesidiroma.it\/catecumenato\/index.php\/wp-json\/wp\/v2\/types\/post"}],"author":[{"embeddable":true,"href":"https:\/\/www.diocesidiroma.it\/catecumenato\/index.php\/wp-json\/wp\/v2\/users\/3"}],"replies":[{"embeddable":true,"href":"https:\/\/www.diocesidiroma.it\/catecumenato\/index.php\/wp-json\/wp\/v2\/comments?post=4185"}],"version-history":[{"count":1,"href":"https:\/\/www.diocesidiroma.it\/catecumenato\/index.php\/wp-json\/wp\/v2\/posts\/4185\/revisions"}],"predecessor-version":[{"id":4187,"href":"https:\/\/www.diocesidiroma.it\/catecumenato\/index.php\/wp-json\/wp\/v2\/posts\/4185\/revisions\/4187"}],"wp:featuredmedia":[{"embeddable":true,"href":"https:\/\/www.diocesidiroma.it\/catecumenato\/index.php\/wp-json\/wp\/v2\/media\/4186"}],"wp:attachment":[{"href":"https:\/\/www.diocesidiroma.it\/catecumenato\/index.php\/wp-json\/wp\/v2\/media?parent=4185"}],"wp:term":[{"taxonomy":"category","embeddable":true,"href":"https:\/\/www.diocesidiroma.it\/catecumenato\/index.php\/wp-json\/wp\/v2\/categories?post=4185"},{"taxonomy":"post_tag","embeddable":true,"href":"https:\/\/www.diocesidiroma.it\/catecumenato\/index.php\/wp-json\/wp\/v2\/tags?post=4185"}],"curies":[{"name":"wp","href":"https:\/\/api.w.org\/{rel}","templated":true}]}}