{"id":4198,"date":"2025-01-21T10:41:10","date_gmt":"2025-01-21T09:41:10","guid":{"rendered":"https:\/\/www.diocesidiroma.it\/catecumenato\/?p=4198"},"modified":"2025-01-31T13:31:02","modified_gmt":"2025-01-31T12:31:02","slug":"il-pellegrinaggio-dei-catecumeni-allabbazia-tre-fontane","status":"publish","type":"post","link":"https:\/\/www.diocesidiroma.it\/catecumenato\/index.php\/il-pellegrinaggio-dei-catecumeni-allabbazia-tre-fontane\/","title":{"rendered":"Il pellegrinaggio dei catecumeni all&#8217;Abbazia Tre Fontane"},"content":{"rendered":"<p>Nel pomeriggio di domenica 19 gennaio 2025, i catecumeni che si stanno preparando a ricevere i sacramenti dell&#8217;Iniziazione Cristiana nella prossima Veglia Pasquale, insieme ai catecumeni che hanno da poco iniziato il cammino di preparazione, hanno vissuto l&#8217;esperienza di mettersi in cammino sulle orme dell&#8217;Apostolo Paolo.<\/p>\n<p>Dopo un momento di catechesi tenuto nel Collegio &#8220;Seraphicum&#8221; sulla figura e sulla vita dell&#8217;Apostolo, il gruppo di oltre cento persone (oltre ai catechisti dei catecumeni, hanno partecipato anche una ventina di loro familiari) si \u00e8 messo in cammino per raggiungere l&#8217;Abbazia Tre Fontane, luogo del martirio di San Paolo.<\/p>\n<p>Dopo una breve illustrazione del luogo, i pellegrini hanno poi sostato in preghiera all&#8217;interno della chiesa costruita dove la tradizione celebra il martirio dell&#8217;Apostolo.<\/p>\n<p>Il mettersi in ascolto della vita di San Paolo, che pur non avendo conosciuto personalmente il Signore Ges\u00f9, \u00e8 diventato un discepolo fra i pi\u00f9 grandi, insieme a San Pietro, e che con la sua parola e con i suoi scritti ha diffuso il messaggio del Vangelo, ha donato di vedere come anche la nostra vita di fede pu\u00f2 essere arricchita dalla sua esperienza.<\/p>\n","protected":false},"excerpt":{"rendered":"Nel pomeriggio di domenica 19 gennaio 2025, i catecumeni che si stanno preparando a ricevere i sacramenti dell&#8217;Iniziazione Cristiana nella prossima Veglia Pasquale, insieme ai catecumeni che hanno da poco iniziato il cammino di preparazione, hanno vissuto l&#8217;esperienza di mettersi in cammino sulle orme dell&#8217;Apostolo Paolo. Dopo un momento di catechesi tenuto nel Collegio &#8220;Seraphicum&#8221; [&hellip;]","protected":false},"author":3,"featured_media":4202,"comment_status":"closed","ping_status":"open","sticky":false,"template":"","format":"standard","meta":{"footnotes":""},"categories":[19,4],"tags":[],"class_list":["post-4198","post","type-post","status-publish","format-standard","has-post-thumbnail","hentry","category-battesimo-adulti","category-notizie"],"_links":{"self":[{"href":"https:\/\/www.diocesidiroma.it\/catecumenato\/index.php\/wp-json\/wp\/v2\/posts\/4198","targetHints":{"allow":["GET"]}}],"collection":[{"href":"https:\/\/www.diocesidiroma.it\/catecumenato\/index.php\/wp-json\/wp\/v2\/posts"}],"about":[{"href":"https:\/\/www.diocesidiroma.it\/catecumenato\/index.php\/wp-json\/wp\/v2\/types\/post"}],"author":[{"embeddable":true,"href":"https:\/\/www.diocesidiroma.it\/catecumenato\/index.php\/wp-json\/wp\/v2\/users\/3"}],"replies":[{"embeddable":true,"href":"https:\/\/www.diocesidiroma.it\/catecumenato\/index.php\/wp-json\/wp\/v2\/comments?post=4198"}],"version-history":[{"count":4,"href":"https:\/\/www.diocesidiroma.it\/catecumenato\/index.php\/wp-json\/wp\/v2\/posts\/4198\/revisions"}],"predecessor-version":[{"id":4203,"href":"https:\/\/www.diocesidiroma.it\/catecumenato\/index.php\/wp-json\/wp\/v2\/posts\/4198\/revisions\/4203"}],"wp:featuredmedia":[{"embeddable":true,"href":"https:\/\/www.diocesidiroma.it\/catecumenato\/index.php\/wp-json\/wp\/v2\/media\/4202"}],"wp:attachment":[{"href":"https:\/\/www.diocesidiroma.it\/catecumenato\/index.php\/wp-json\/wp\/v2\/media?parent=4198"}],"wp:term":[{"taxonomy":"category","embeddable":true,"href":"https:\/\/www.diocesidiroma.it\/catecumenato\/index.php\/wp-json\/wp\/v2\/categories?post=4198"},{"taxonomy":"post_tag","embeddable":true,"href":"https:\/\/www.diocesidiroma.it\/catecumenato\/index.php\/wp-json\/wp\/v2\/tags?post=4198"}],"curies":[{"name":"wp","href":"https:\/\/api.w.org\/{rel}","templated":true}]}}