{"id":4238,"date":"2025-02-27T12:32:15","date_gmt":"2025-02-27T11:32:15","guid":{"rendered":"https:\/\/www.diocesidiroma.it\/catecumenato\/?p=4238"},"modified":"2025-04-28T12:53:46","modified_gmt":"2025-04-28T10:53:46","slug":"la-preparazione-prossima-dei-catecumeni-nel-tempo-di-quaresima-2","status":"publish","type":"post","link":"https:\/\/www.diocesidiroma.it\/catecumenato\/index.php\/la-preparazione-prossima-dei-catecumeni-nel-tempo-di-quaresima-2\/","title":{"rendered":"La preparazione prossima dei catecumeni nel Tempo di Quaresima"},"content":{"rendered":"<p>Carissimi,<\/p>\n<p>in queste ore in cui tutta la Chiesa \u00e8 in preghiera per la salute del nostro Vescovo, Papa Francesco, lo scorrere dei giorni ci sta conducendo all\u2019inizio della Quaresima, che precede il ricevimento dei sacramenti dell\u2019Iniziazione Cristiana nella prossima Veglia Pasquale per i catecumeni delle vostre comunit\u00e0 parrocchiali. Sar\u00e0 un tempo profondo e bello, in cui tutta la comunit\u00e0 cristiana parrocchiale \u00e8 chiamata ad accompagnare i catecumeni nella preparazione prossima e a celebrare con loro i Riti prebattesimali.<\/p>\n<p>Di seguito, riportiamo nel dettaglio le celebrazioni previste nel Tempo di Quaresima:<\/p>\n<p>&#8211; sabato 8 marzo 2025, <strong>I di Quaresima<\/strong>, si celebra <u>in Cattedrale<\/u> il <strong>Rito dell\u2019Elezione<\/strong> (la celebrazione eucaristica, con inizio alle ore 17.30, sar\u00e0 preceduta da un ritiro per i catecumeni e i loro padrini\/madrine: l\u2019appuntamento per loro \u00e8 alle ore 15.00 in Cattedrale, davanti all\u2019Altare; per i catechisti, familiari e amici l\u2019appuntamento \u00e8 alle ore 16.30, sempre in Cattedrale, davanti all\u2019Altare, per la preparazione della celebrazione);<\/p>\n<p>&#8211; domenica 23 marzo 2025, <strong>III di Quaresima<\/strong>, si celebra <u>in parrocchia<\/u> il <strong>Rito del primo scrutinio e la Consegna del Simbolo<\/strong> (cfr. RICA: <em>primo scrutinio<\/em>, pp. 97-101, nn. 162-164; p. 113, n. 186; p. 102, n. 165). La Consegna del Simbolo devono celebrarla solo i catecumeni che non erano presenti in Cattedrale lo scorso 13 ottobre;<\/p>\n<p>&#8211; domenica 30 marzo 2025, <strong>IV di Quaresima<\/strong>, si celebra <u>in parrocchia<\/u> il <strong>Rito del secondo scrutinio<\/strong> (cfr. RICA: <em>secondo scrutinio<\/em>, pp. 102-106, nn. 167-172);<\/p>\n<p>&#8211; domenica 6 aprile 2025, <strong>V di Quaresima<\/strong>, si celebra <u>in Cattedrale<\/u> <strong>il Rito del terzo scrutinio e la Consegna della Preghiera del Signore<\/strong> (la celebrazione sar\u00e0 una Liturgia della Parola, con inizio alle ore 16.00: l\u2019appuntamento per tutti \u00e8 alle ore 15.00 in Cattedrale; i catecumeni eletti, insieme con i loro padrini e catechisti, parteciperanno in mattinata alla Santa Messa in parrocchia e, come di consueto, usciranno per ricevere la catechesi sul Vangelo dello scrutinio);<\/p>\n<p>&#8211; sabato 19 aprile 2025, <strong>Sabato Santo<\/strong>, si celebrano <u>in parrocchia<\/u> i <strong>Riti immediatamente preparatori<\/strong> (cfr. RICA: <em>riti immediatamente preparatori<\/em>, pp. 118-122, nn. 193-206). Nel caso non sia possibile vivere una apposita liturgia la mattina del Sabato Santo, tali Riti possono essere celebrati nei primi giorni della Settimana Santa, a partire dalla domenica delle palme, o anche immediatamente prima dell\u2019inizio della Veglia Pasquale.<\/p>\n<p>Vi auguriamo un buon proseguimento di cammino.<\/p>\n","protected":false},"excerpt":{"rendered":"Carissimi, in queste ore in cui tutta la Chiesa \u00e8 in preghiera per la salute del nostro Vescovo, Papa Francesco, lo scorrere dei giorni ci sta conducendo all\u2019inizio della Quaresima, che precede il ricevimento dei sacramenti dell\u2019Iniziazione Cristiana nella prossima Veglia Pasquale per i catecumeni delle vostre comunit\u00e0 parrocchiali. Sar\u00e0 un tempo profondo e bello, [&hellip;]","protected":false},"author":3,"featured_media":3934,"comment_status":"closed","ping_status":"open","sticky":false,"template":"","format":"standard","meta":{"footnotes":""},"categories":[19,4],"tags":[],"class_list":["post-4238","post","type-post","status-publish","format-standard","has-post-thumbnail","hentry","category-battesimo-adulti","category-notizie"],"_links":{"self":[{"href":"https:\/\/www.diocesidiroma.it\/catecumenato\/index.php\/wp-json\/wp\/v2\/posts\/4238","targetHints":{"allow":["GET"]}}],"collection":[{"href":"https:\/\/www.diocesidiroma.it\/catecumenato\/index.php\/wp-json\/wp\/v2\/posts"}],"about":[{"href":"https:\/\/www.diocesidiroma.it\/catecumenato\/index.php\/wp-json\/wp\/v2\/types\/post"}],"author":[{"embeddable":true,"href":"https:\/\/www.diocesidiroma.it\/catecumenato\/index.php\/wp-json\/wp\/v2\/users\/3"}],"replies":[{"embeddable":true,"href":"https:\/\/www.diocesidiroma.it\/catecumenato\/index.php\/wp-json\/wp\/v2\/comments?post=4238"}],"version-history":[{"count":6,"href":"https:\/\/www.diocesidiroma.it\/catecumenato\/index.php\/wp-json\/wp\/v2\/posts\/4238\/revisions"}],"predecessor-version":[{"id":4244,"href":"https:\/\/www.diocesidiroma.it\/catecumenato\/index.php\/wp-json\/wp\/v2\/posts\/4238\/revisions\/4244"}],"wp:featuredmedia":[{"embeddable":true,"href":"https:\/\/www.diocesidiroma.it\/catecumenato\/index.php\/wp-json\/wp\/v2\/media\/3934"}],"wp:attachment":[{"href":"https:\/\/www.diocesidiroma.it\/catecumenato\/index.php\/wp-json\/wp\/v2\/media?parent=4238"}],"wp:term":[{"taxonomy":"category","embeddable":true,"href":"https:\/\/www.diocesidiroma.it\/catecumenato\/index.php\/wp-json\/wp\/v2\/categories?post=4238"},{"taxonomy":"post_tag","embeddable":true,"href":"https:\/\/www.diocesidiroma.it\/catecumenato\/index.php\/wp-json\/wp\/v2\/tags?post=4238"}],"curies":[{"name":"wp","href":"https:\/\/api.w.org\/{rel}","templated":true}]}}