{"id":4246,"date":"2025-03-05T08:00:19","date_gmt":"2025-03-05T07:00:19","guid":{"rendered":"https:\/\/www.diocesidiroma.it\/catecumenato\/?p=4246"},"modified":"2025-03-13T12:50:55","modified_gmt":"2025-03-13T11:50:55","slug":"il-rito-dellelezione-e-iscrizione-del-nome","status":"publish","type":"post","link":"https:\/\/www.diocesidiroma.it\/catecumenato\/index.php\/il-rito-dellelezione-e-iscrizione-del-nome\/","title":{"rendered":"Il Rito dell&#8217;Elezione e iscrizione del nome"},"content":{"rendered":"<p>Carissimi catecumeni, catechisti e parroci, bentrovati!<\/p>\n<p>Con l&#8217;odierna celebrazione del Rito delle Ceneri, inizia la Quaresima, un tempo liturgico particolarmente importante, che introduce i catecumeni nella \u201c<em>preparazione prossima<\/em>\u201d e che si concluder\u00e0 con il conferimento dei sacramenti dell\u2019Iniziazione Cristiana nella Veglia di Pasqua.<\/p>\n<p>Ci ritroveremo sabato <strong>8 marzo 2025<\/strong> nella nostra Basilica Cattedrale di San Giovanni in Laterano per il <strong>Rito dell\u2019Elezione ed iscrizione del nome<\/strong>. La celebrazione eucaristica, con inizio alle ore 17.30, sar\u00e0 presieduta dal Cardinale Vicario Baldassare Reina.<\/p>\n<p>Per tale circostanza:<\/p>\n<ul>\n<li><strong>con i catecumeni e i padrini\/madrine, ci incontriamo alle ore 15.00 all\u2019interno della Basilica, davanti all\u2019Altare<\/strong>, per vivere insieme un tempo di ritiro e preghiera in preparazione alla celebrazione e, al termine, i padrini\/madrine firmeranno il registro dei catecumeni;<\/li>\n<li>i catechisti, familiari, parenti e amici dei catecumeni possono arrivare alle ore 16.30 e prendere posto in Basilica per la preparazione della celebrazione eucaristica.<\/li>\n<\/ul>\n<p>Invitiamo i parroci, vicari e collaboratori, le comunit\u00e0 parrocchiali, i parenti e gli amici dei catecumeni a partecipare alla celebrazione, perch\u00e9 \u00e8 un momento di grande importanza e gioia che deve essere condiviso con l\u2019intera comunit\u00e0.\u00a0I sacerdoti che desiderano concelebrare sono pregati di ritrovarsi in Basilica entro le ore 17.15, portando camice e stola di colore viola che indosseranno al posto che verr\u00e0 loro indicato. E&#8217; possibile usufruire del parcheggio interno, antistante l\u2019Universit\u00e0 Lateranense.<\/p>\n<p>Nell&#8217;attesa di vederci, vi ricordiamo nella preghiera.<\/p>\n","protected":false},"excerpt":{"rendered":"Carissimi catecumeni, catechisti e parroci, bentrovati! Con l&#8217;odierna celebrazione del Rito delle Ceneri, inizia la Quaresima, un tempo liturgico particolarmente importante, che introduce i catecumeni nella \u201cpreparazione prossima\u201d e che si concluder\u00e0 con il conferimento dei sacramenti dell\u2019Iniziazione Cristiana nella Veglia di Pasqua. Ci ritroveremo sabato 8 marzo 2025 nella nostra Basilica Cattedrale di San [&hellip;]","protected":false},"author":3,"featured_media":4247,"comment_status":"closed","ping_status":"open","sticky":false,"template":"","format":"standard","meta":{"footnotes":""},"categories":[19,4],"tags":[],"class_list":["post-4246","post","type-post","status-publish","format-standard","has-post-thumbnail","hentry","category-battesimo-adulti","category-notizie"],"_links":{"self":[{"href":"https:\/\/www.diocesidiroma.it\/catecumenato\/index.php\/wp-json\/wp\/v2\/posts\/4246","targetHints":{"allow":["GET"]}}],"collection":[{"href":"https:\/\/www.diocesidiroma.it\/catecumenato\/index.php\/wp-json\/wp\/v2\/posts"}],"about":[{"href":"https:\/\/www.diocesidiroma.it\/catecumenato\/index.php\/wp-json\/wp\/v2\/types\/post"}],"author":[{"embeddable":true,"href":"https:\/\/www.diocesidiroma.it\/catecumenato\/index.php\/wp-json\/wp\/v2\/users\/3"}],"replies":[{"embeddable":true,"href":"https:\/\/www.diocesidiroma.it\/catecumenato\/index.php\/wp-json\/wp\/v2\/comments?post=4246"}],"version-history":[{"count":2,"href":"https:\/\/www.diocesidiroma.it\/catecumenato\/index.php\/wp-json\/wp\/v2\/posts\/4246\/revisions"}],"predecessor-version":[{"id":4249,"href":"https:\/\/www.diocesidiroma.it\/catecumenato\/index.php\/wp-json\/wp\/v2\/posts\/4246\/revisions\/4249"}],"wp:featuredmedia":[{"embeddable":true,"href":"https:\/\/www.diocesidiroma.it\/catecumenato\/index.php\/wp-json\/wp\/v2\/media\/4247"}],"wp:attachment":[{"href":"https:\/\/www.diocesidiroma.it\/catecumenato\/index.php\/wp-json\/wp\/v2\/media?parent=4246"}],"wp:term":[{"taxonomy":"category","embeddable":true,"href":"https:\/\/www.diocesidiroma.it\/catecumenato\/index.php\/wp-json\/wp\/v2\/categories?post=4246"},{"taxonomy":"post_tag","embeddable":true,"href":"https:\/\/www.diocesidiroma.it\/catecumenato\/index.php\/wp-json\/wp\/v2\/tags?post=4246"}],"curies":[{"name":"wp","href":"https:\/\/api.w.org\/{rel}","templated":true}]}}