{"id":4312,"date":"2025-05-12T11:47:34","date_gmt":"2025-05-12T09:47:34","guid":{"rendered":"https:\/\/www.diocesidiroma.it\/catecumenato\/?p=4312"},"modified":"2025-05-27T14:04:32","modified_gmt":"2025-05-27T12:04:32","slug":"modifica-incontri-diocesani","status":"publish","type":"post","link":"https:\/\/www.diocesidiroma.it\/catecumenato\/index.php\/modifica-incontri-diocesani\/","title":{"rendered":"Annullati gli incontri diocesani di formazione previsti nelle domeniche 18 e 25 maggio 2025"},"content":{"rendered":"<p>Carissimi,<\/p>\n<p>con la gioia nel cuore per l&#8217;elezione del nostro nuovo Vescovo, Sua Santit\u00e0 Papa Leone XIV, comunichiamo l&#8217;annullamento di due incontri diocesani di formazione a suo tempo programmati per le domeniche 18 e 25 maggio 2025.<\/p>\n<p>Infatti, domenica 18 maggio 2025, Sua Santit\u00e0 Papa Leone XIV presieder\u00e0 la Santa Messa per l&#8217;Inizio del Pontificato; mentre, la domenica successiva, 25 maggio, il Santo Padre sar\u00e0 nella sua Cattedrale dove presieder\u00e0 la celebrazione eucaristica e prender\u00e0 possesso della <i>Cathedra Romana<\/i>.<\/p>\n<p>Pertanto:<\/p>\n<ul>\n<li><strong>l&#8217;incontro di domenica 18 maggio p.v.<\/strong>, per i catecumeni candidati a ricevere i sacramenti dell&#8217;Iniziazione Cristiana nella Veglia di Pasqua del 2026, <strong>\u00e8 ANNULLATO<\/strong>;<\/li>\n<li><strong>l&#8217;incontro di domenica 25 maggio p.v.<\/strong>, sul sacramento della Confessione per i neofiti, <strong>\u00e8 ANNULLATO<\/strong>.<\/li>\n<\/ul>\n<p>A tutti voi auguriamo un gioioso proseguimento del Tempo di Pasqua!<\/p>\n","protected":false},"excerpt":{"rendered":"Carissimi, con la gioia nel cuore per l&#8217;elezione del nostro nuovo Vescovo, Sua Santit\u00e0 Papa Leone XIV, comunichiamo l&#8217;annullamento di due incontri diocesani di formazione a suo tempo programmati per le domeniche 18 e 25 maggio 2025. Infatti, domenica 18 maggio 2025, Sua Santit\u00e0 Papa Leone XIV presieder\u00e0 la Santa Messa per l&#8217;Inizio del Pontificato; [&hellip;]","protected":false},"author":3,"featured_media":4313,"comment_status":"closed","ping_status":"open","sticky":false,"template":"","format":"standard","meta":{"footnotes":""},"categories":[19,4],"tags":[],"class_list":["post-4312","post","type-post","status-publish","format-standard","has-post-thumbnail","hentry","category-battesimo-adulti","category-notizie"],"_links":{"self":[{"href":"https:\/\/www.diocesidiroma.it\/catecumenato\/index.php\/wp-json\/wp\/v2\/posts\/4312","targetHints":{"allow":["GET"]}}],"collection":[{"href":"https:\/\/www.diocesidiroma.it\/catecumenato\/index.php\/wp-json\/wp\/v2\/posts"}],"about":[{"href":"https:\/\/www.diocesidiroma.it\/catecumenato\/index.php\/wp-json\/wp\/v2\/types\/post"}],"author":[{"embeddable":true,"href":"https:\/\/www.diocesidiroma.it\/catecumenato\/index.php\/wp-json\/wp\/v2\/users\/3"}],"replies":[{"embeddable":true,"href":"https:\/\/www.diocesidiroma.it\/catecumenato\/index.php\/wp-json\/wp\/v2\/comments?post=4312"}],"version-history":[{"count":5,"href":"https:\/\/www.diocesidiroma.it\/catecumenato\/index.php\/wp-json\/wp\/v2\/posts\/4312\/revisions"}],"predecessor-version":[{"id":4322,"href":"https:\/\/www.diocesidiroma.it\/catecumenato\/index.php\/wp-json\/wp\/v2\/posts\/4312\/revisions\/4322"}],"wp:featuredmedia":[{"embeddable":true,"href":"https:\/\/www.diocesidiroma.it\/catecumenato\/index.php\/wp-json\/wp\/v2\/media\/4313"}],"wp:attachment":[{"href":"https:\/\/www.diocesidiroma.it\/catecumenato\/index.php\/wp-json\/wp\/v2\/media?parent=4312"}],"wp:term":[{"taxonomy":"category","embeddable":true,"href":"https:\/\/www.diocesidiroma.it\/catecumenato\/index.php\/wp-json\/wp\/v2\/categories?post=4312"},{"taxonomy":"post_tag","embeddable":true,"href":"https:\/\/www.diocesidiroma.it\/catecumenato\/index.php\/wp-json\/wp\/v2\/tags?post=4312"}],"curies":[{"name":"wp","href":"https:\/\/api.w.org\/{rel}","templated":true}]}}