{"id":1321,"date":"2019-07-04T21:22:27","date_gmt":"2019-07-04T19:22:27","guid":{"rendered":"https:\/\/www.diocesidiroma.it\/diaconato\/?p=1321"},"modified":"2019-07-04T21:29:42","modified_gmt":"2019-07-04T19:29:42","slug":"valter-e-tornato-alla-casa-del-padre","status":"publish","type":"post","link":"https:\/\/www.diocesidiroma.it\/diaconato\/index.php\/valter-e-tornato-alla-casa-del-padre\/","title":{"rendered":"Valter \u00e8 tornato alla casa del Padre"},"content":{"rendered":"<p>La comunit\u00e0 del diaconato permanente di Roma eleva una preghiera al Signore per il proprio fratello Valter Carrozzo che oggi \u00e8 tornato alla casa del Padre. Lo Spirito Santo consoli e lenisca la sofferenza dei suoi cari, in modo particolare della sua sposa Antonella. I funerali si svolgeranno sabato 06 Luglio alle ore 8.00 nella parrocchia dei santi Fabiano e Venanzio.<\/p>\n<p>Riposa in pace Valter.<\/p>\n","protected":false},"excerpt":{"rendered":"La comunit\u00e0 del diaconato permanente di Roma eleva una preghiera al Signore per il proprio fratello Valter Carrozzo che oggi \u00e8 tornato alla casa del Padre. Lo Spirito Santo consoli e lenisca la sofferenza dei suoi cari, in modo particolare della sua sposa Antonella. I funerali si svolgeranno sabato 06 Luglio alle ore 8.00 nella [&hellip;]","protected":false},"author":2,"featured_media":1322,"comment_status":"closed","ping_status":"closed","sticky":false,"template":"","format":"standard","meta":{"footnotes":""},"categories":[23],"tags":[51,53,73],"class_list":["post-1321","post","type-post","status-publish","format-standard","has-post-thumbnail","hentry","category-home","tag-comunita","tag-diaconato","tag-news"],"_links":{"self":[{"href":"https:\/\/www.diocesidiroma.it\/diaconato\/index.php\/wp-json\/wp\/v2\/posts\/1321","targetHints":{"allow":["GET"]}}],"collection":[{"href":"https:\/\/www.diocesidiroma.it\/diaconato\/index.php\/wp-json\/wp\/v2\/posts"}],"about":[{"href":"https:\/\/www.diocesidiroma.it\/diaconato\/index.php\/wp-json\/wp\/v2\/types\/post"}],"author":[{"embeddable":true,"href":"https:\/\/www.diocesidiroma.it\/diaconato\/index.php\/wp-json\/wp\/v2\/users\/2"}],"replies":[{"embeddable":true,"href":"https:\/\/www.diocesidiroma.it\/diaconato\/index.php\/wp-json\/wp\/v2\/comments?post=1321"}],"version-history":[{"count":3,"href":"https:\/\/www.diocesidiroma.it\/diaconato\/index.php\/wp-json\/wp\/v2\/posts\/1321\/revisions"}],"predecessor-version":[{"id":1325,"href":"https:\/\/www.diocesidiroma.it\/diaconato\/index.php\/wp-json\/wp\/v2\/posts\/1321\/revisions\/1325"}],"wp:featuredmedia":[{"embeddable":true,"href":"https:\/\/www.diocesidiroma.it\/diaconato\/index.php\/wp-json\/wp\/v2\/media\/1322"}],"wp:attachment":[{"href":"https:\/\/www.diocesidiroma.it\/diaconato\/index.php\/wp-json\/wp\/v2\/media?parent=1321"}],"wp:term":[{"taxonomy":"category","embeddable":true,"href":"https:\/\/www.diocesidiroma.it\/diaconato\/index.php\/wp-json\/wp\/v2\/categories?post=1321"},{"taxonomy":"post_tag","embeddable":true,"href":"https:\/\/www.diocesidiroma.it\/diaconato\/index.php\/wp-json\/wp\/v2\/tags?post=1321"}],"curies":[{"name":"wp","href":"https:\/\/api.w.org\/{rel}","templated":true}]}}