{"id":454,"date":"2017-12-13T19:11:51","date_gmt":"2017-12-13T18:11:51","guid":{"rendered":"http:\/\/diaconidiroma.com\/?p=454"},"modified":"2018-11-15T23:40:50","modified_gmt":"2018-11-15T22:40:50","slug":"lettera-del-cardinal-ugo-poletti","status":"publish","type":"post","link":"https:\/\/www.diocesidiroma.it\/diaconato\/index.php\/lettera-del-cardinal-ugo-poletti\/","title":{"rendered":"LETTERA\u00a0 DEL\u00a0 CARDINAL\u00a0 UGO\u00a0 POLETTI\u00a0"},"content":{"rendered":"<p>LETTERA\u00a0 DEL\u00a0 CARDINAL\u00a0 UGO\u00a0 POLETTI\u00a0 A\u00a0 DON\u00a0 FRANCESCO\u00a0 PERACCHI<\/p>\n<p><!--more--><\/p>\n<p>1\u00b0 aprile 80<\/p>\n<p>Prot. N. 246\/80<\/p>\n<p>&nbsp;<\/p>\n<p>&nbsp;<\/p>\n<p>Carissimo don Peracchi,<\/p>\n<p>&nbsp;<\/p>\n<p>dopo i colloqui avuti e con l\u2019approvazione del Consiglio Episcopale, ti chiedo ufficialmente di voler prestare la tua opera per la promozione del diaconato permanente nella nostra Diocesi.<\/p>\n<p>Il m. p. di Paolo VI \u201cSacrum diaconatus ordinem\u201d (n. 15) e le relative norme applicative della CEI prevedono che in ogni Chiesa locale il Vescovo nomini un Delegato per il diaconato permanente, che si occupi dei problemi relativi al ripristino del diaconato stesso. Nella complessa e difficile situazione della nostra Diocesi, l\u2019attuazione del diaconato sar\u00e0 necessariamente graduale e quindi occorrer\u00e0 procedere sulla base di idee chiare e con realizzazioni progressive, ben pensate. Gi\u00e0 il Centro pastorale per il culto e la santificazione del Vicariato ha cominciato a interessarsi della questione, nel quadro pi\u00f9 ampio della promozione dei ministeri affidati ai laici. Ne \u00e8 prova, tra l\u2019altro, l\u2019istituzione di un apposito Corso di preparazione dottrinale presso l\u2019Istituto superiore di scienze religiose \u201cEcclesia mater\u201d della Pont. Universit\u00e0 Lateranense.<\/p>\n<p>Occorre tuttavia garantire ai candidati, che saranno ritenuti idonei, una formazione spirituale e pastorale; sar\u00e0 necessario accoglierli in un luogo idoneo, vagliarne la vocazione, ecc.<\/p>\n<p>La tua sensibilit\u00e0 al problema, la preparazione e l\u2019esperienza che hai acquistato, nonch\u00e9 la tua presenza nel Seminario romano maggiore, sono garanzie per potere iniziare un lavoro che si presenta non facile e in gran parte da impostare. Per tutto questo potrai tenerti in contatto e avvalerti della collaborazione del Centro pastorale per il culto e la santificazione del Vicariato, a cui la Cost. ap, \u201cVicariae potestatis\u201d attribuisce il compito e la responsabilit\u00e0 dell\u2019attuazione dei ministeri, nella nostra Diocesi.<\/p>\n<p>Mentre ti ringrazio della disponibilit\u00e0, formulo i migliori auguri di un fruttuoso e sereno lavoro, invocando su di esso la benedizione del Signore.<\/p>\n<p>&nbsp;<\/p>\n<p>Dev.mo<\/p>\n<p>Ugo card. Poletti<\/p>\n<p>&nbsp;<\/p>\n<p>____________<\/p>\n<p>Rev.do<\/p>\n<p>Don Francesco Peracchi<\/p>\n<p>Pont. Seminario Romano Maggiore<\/p>\n<p>&nbsp;<\/p>\n<p><u>R O M A<\/u><\/p>\n","protected":false},"excerpt":{"rendered":"LETTERA\u00a0 DEL\u00a0 CARDINAL\u00a0 UGO\u00a0 POLETTI\u00a0 A\u00a0 DON\u00a0 FRANCESCO\u00a0 PERACCHI","protected":false},"author":2,"featured_media":1220,"comment_status":"closed","ping_status":"open","sticky":false,"template":"","format":"aside","meta":{"footnotes":""},"categories":[23,27],"tags":[45,49,51,52,53,89],"class_list":["post-454","post","type-post","status-publish","format-aside","has-post-thumbnail","hentry","category-home","category-la-storia","tag-cardinale","tag-chiesa","tag-comunita","tag-delegato","tag-diaconato","tag-storia","post_format-post-format-aside"],"_links":{"self":[{"href":"https:\/\/www.diocesidiroma.it\/diaconato\/index.php\/wp-json\/wp\/v2\/posts\/454","targetHints":{"allow":["GET"]}}],"collection":[{"href":"https:\/\/www.diocesidiroma.it\/diaconato\/index.php\/wp-json\/wp\/v2\/posts"}],"about":[{"href":"https:\/\/www.diocesidiroma.it\/diaconato\/index.php\/wp-json\/wp\/v2\/types\/post"}],"author":[{"embeddable":true,"href":"https:\/\/www.diocesidiroma.it\/diaconato\/index.php\/wp-json\/wp\/v2\/users\/2"}],"replies":[{"embeddable":true,"href":"https:\/\/www.diocesidiroma.it\/diaconato\/index.php\/wp-json\/wp\/v2\/comments?post=454"}],"version-history":[{"count":1,"href":"https:\/\/www.diocesidiroma.it\/diaconato\/index.php\/wp-json\/wp\/v2\/posts\/454\/revisions"}],"predecessor-version":[{"id":947,"href":"https:\/\/www.diocesidiroma.it\/diaconato\/index.php\/wp-json\/wp\/v2\/posts\/454\/revisions\/947"}],"wp:featuredmedia":[{"embeddable":true,"href":"https:\/\/www.diocesidiroma.it\/diaconato\/index.php\/wp-json\/wp\/v2\/media\/1220"}],"wp:attachment":[{"href":"https:\/\/www.diocesidiroma.it\/diaconato\/index.php\/wp-json\/wp\/v2\/media?parent=454"}],"wp:term":[{"taxonomy":"category","embeddable":true,"href":"https:\/\/www.diocesidiroma.it\/diaconato\/index.php\/wp-json\/wp\/v2\/categories?post=454"},{"taxonomy":"post_tag","embeddable":true,"href":"https:\/\/www.diocesidiroma.it\/diaconato\/index.php\/wp-json\/wp\/v2\/tags?post=454"}],"curies":[{"name":"wp","href":"https:\/\/api.w.org\/{rel}","templated":true}]}}