{"id":460,"date":"2017-12-13T19:19:54","date_gmt":"2017-12-13T18:19:54","guid":{"rendered":"http:\/\/diaconidiroma.com\/?p=460"},"modified":"2018-11-15T23:38:11","modified_gmt":"2018-11-15T22:38:11","slug":"lettera-di-padre-luca-brandolini","status":"publish","type":"post","link":"https:\/\/www.diocesidiroma.it\/diaconato\/index.php\/lettera-di-padre-luca-brandolini\/","title":{"rendered":"LETTERA\u00a0 DI\u00a0 PADRE\u00a0 LUCA\u00a0 BRANDOLINI\u00a0"},"content":{"rendered":"<p>LETTERA\u00a0 DI\u00a0 PADRE\u00a0 LUCA\u00a0 BRANDOLINI\u00a0 A\u00a0 DON\u00a0 FRANCESCO\u00a0 PERACCHI<\/p>\n<p><!--more--><\/p>\n<p>&nbsp;<\/p>\n<p>VICARIATO\u00a0 DI\u00a0 ROMA\u00a0\u00a0\u00a0\u00a0\u00a0\u00a0\u00a0\u00a0\u00a0\u00a0\u00a0\u00a0\u00a0\u00a0\u00a0\u00a0\u00a0\u00a0\u00a0\u00a0\u00a0\u00a0\u00a0\u00a0\u00a0\u00a0\u00a0\u00a0\u00a0\u00a0\u00a0\u00a0\u00a0\u00a0\u00a0\u00a0\u00a0\u00a0\u00a0\u00a0\u00a0\u00a0\u00a0\u00a0\u00a0\u00a0\u00a0\u00a0\u00a0\u00a0\u00a0\u00a0\u00a0\u00a0\u00a0\u00a0\u00a0\u00a0\u00a0\u00a0\u00a0\u00a0\u00a0\u00a0\u00a0\u00a0\u00a0\u00a0\u00a0\u00a0\u00a0\u00a0\u00a0\u00a0\u00a0 \u00a0\u00a0\u00a0\u00a0\u00a0\u00a0\u00a0\u00a0\u00a0\u00a0\u00a0 \u00a0\u00a0\u00a0\u00a0\u00a0 29 marzo 1982<\/p>\n<p>&nbsp;<\/p>\n<p>&nbsp;<\/p>\n<p>Caro don Franco,<\/p>\n<p>&nbsp;<\/p>\n<p>come d\u2019accordo ti mando l\u2019appunto preparato per il Consiglio episcopale sul problema del diaconato. Naturalmente \u00e8 solo un \u201cappunto\u201d, anche se ho cercato di articolarlo in punti e sottopunti per maggior chiarezza. Forse la prima parte \u00e8 troppo ampia, ma ho creduto esplicitare alcune questioni di per s\u00e9 note, con lo scopo di chiarire e mentalizzare; la seconda invece potrebbe avere qualche ulteriore determinazione: con l\u2019esperienza che hai acquisita potrai arricchirla. Comunque vedi tu. Ci\u00f2 che conta \u00e8 fare presto, perch\u00e9 il Cardinale ha una certa urgenza. Consegno anche a lui l\u2019appunto, dicendogli tuttavia di attendere i tuoi suggerimenti per presentarlo ai Vescovi.<\/p>\n<p>Ti mando anche copia del decreto del \u201976. rileggendolo mi accorgo che molte cose erano state stabilite, ma sono restate in gran parte lettera morta. Il che vuol dire che la mentalit\u00e0 non era (e forse non \u00e8 ancora) pronta ad accogliere certe \u201cnovit\u00e0\u201d.<\/p>\n<p>Tanti cari auguri e saluti<\/p>\n<p>padre Luca<\/p>\n<p>&nbsp;<\/p>\n","protected":false},"excerpt":{"rendered":"LETTERA\u00a0 DI\u00a0 PADRE\u00a0 LUCA\u00a0 BRANDOLINI\u00a0 A\u00a0 DON\u00a0 FRANCESCO\u00a0 PERACCHI","protected":false},"author":2,"featured_media":1219,"comment_status":"closed","ping_status":"open","sticky":false,"template":"","format":"aside","meta":{"footnotes":""},"categories":[23,27],"tags":[49,51,52,53,89],"class_list":["post-460","post","type-post","status-publish","format-aside","has-post-thumbnail","hentry","category-home","category-la-storia","tag-chiesa","tag-comunita","tag-delegato","tag-diaconato","tag-storia","post_format-post-format-aside"],"_links":{"self":[{"href":"https:\/\/www.diocesidiroma.it\/diaconato\/index.php\/wp-json\/wp\/v2\/posts\/460","targetHints":{"allow":["GET"]}}],"collection":[{"href":"https:\/\/www.diocesidiroma.it\/diaconato\/index.php\/wp-json\/wp\/v2\/posts"}],"about":[{"href":"https:\/\/www.diocesidiroma.it\/diaconato\/index.php\/wp-json\/wp\/v2\/types\/post"}],"author":[{"embeddable":true,"href":"https:\/\/www.diocesidiroma.it\/diaconato\/index.php\/wp-json\/wp\/v2\/users\/2"}],"replies":[{"embeddable":true,"href":"https:\/\/www.diocesidiroma.it\/diaconato\/index.php\/wp-json\/wp\/v2\/comments?post=460"}],"version-history":[{"count":1,"href":"https:\/\/www.diocesidiroma.it\/diaconato\/index.php\/wp-json\/wp\/v2\/posts\/460\/revisions"}],"predecessor-version":[{"id":944,"href":"https:\/\/www.diocesidiroma.it\/diaconato\/index.php\/wp-json\/wp\/v2\/posts\/460\/revisions\/944"}],"wp:featuredmedia":[{"embeddable":true,"href":"https:\/\/www.diocesidiroma.it\/diaconato\/index.php\/wp-json\/wp\/v2\/media\/1219"}],"wp:attachment":[{"href":"https:\/\/www.diocesidiroma.it\/diaconato\/index.php\/wp-json\/wp\/v2\/media?parent=460"}],"wp:term":[{"taxonomy":"category","embeddable":true,"href":"https:\/\/www.diocesidiroma.it\/diaconato\/index.php\/wp-json\/wp\/v2\/categories?post=460"},{"taxonomy":"post_tag","embeddable":true,"href":"https:\/\/www.diocesidiroma.it\/diaconato\/index.php\/wp-json\/wp\/v2\/tags?post=460"}],"curies":[{"name":"wp","href":"https:\/\/api.w.org\/{rel}","templated":true}]}}