{"id":526,"date":"2018-01-05T21:35:31","date_gmt":"2018-01-05T20:35:31","guid":{"rendered":"http:\/\/diaconidiroma.com\/?p=526"},"modified":"2018-01-05T21:35:31","modified_gmt":"2018-01-05T20:35:31","slug":"notizie-da-altre-diocesi","status":"publish","type":"post","link":"https:\/\/www.diocesidiroma.it\/diaconato\/index.php\/notizie-da-altre-diocesi\/","title":{"rendered":"Notizie da altre diocesi"},"content":{"rendered":"<p><em>Pubblichiamo con piacere un articolo comparso sul sito &#8220;Laporzione.it&#8221; che ci racconta una bella storia da Pescara.\u00a0La parrocchia di San Luigi intitola una sala a don Laurino Circeo primo diacono permanente ordinato nella diocesi. Buona lettura.<\/em><\/p>\n<p><strong>Lo scorso venerd\u00ec \u00e8 stato l\u2019arcivescovo di Pescara-Penne monsignor Tommaso Valentinetti a scoprire e benedire la nuova targa<\/strong>,\u00a0<strong>che intitola un salone della parrocchia di San Luigi Gonzaga a Pescara alla memoria di don Laurino Circeo<\/strong>.<strong>\u00a0Il primo diacono ordinato in diocesi il 17 settembre 1977<\/strong>,<b>\u00a0dall&#8217;allora\u00a0arcivescovo di Milano cardinale Giovanni Colombo \u2013<\/b>\u00a0nell&#8217;ambito del diciannovesimo Congresso eucaristico nazionale che si stava<!--more--> svolgendo a Pescara,\u00a0<strong>che ha prestato a lungo servizio proprio nella nota parrocchia di Pescara Porta Nuova<\/strong>.<\/p>\n<p><strong>Don Laurino Circeo<\/strong><\/p>\n<p><strong><img loading=\"lazy\" decoding=\"async\" class=\" size-full wp-image-527 alignleft\" src=\"https:\/\/diaconidiromablog.files.wordpress.com\/2018\/01\/circeo-2.jpg\" alt=\"circeo-2\" width=\"250\" height=\"333\" \/>Dopo la cerimonia di intitolazione della sala<\/strong>, avvenuta in occasione del secondo anniversario dalla sua scomparsa della sala,\u00a0<strong>lo stesso arcivescovo Valentinetti<\/strong>,<strong>\u00a0presiedendo la Santa messa,\u00a0ha ricordato la vita e le gesta compiute da Laurino Circeo<\/strong>,\u00a0<strong>nel solco di quelle che aveva compiuto anche Ges\u00f9 nel corso della sua vita terrena<\/strong>: \u00ab<strong>Un mio amico<\/strong>\u00a0\u2013 racconta il presule \u2013\u00a0<strong>dice sempre che la vita terrena di Ges\u00f9 \u00e8 stata bella<\/strong>,\u00a0<strong>buona e felice<\/strong>. Pensate al focolare domestico di Maria, Ges\u00f9 e Giuseppe. Pensate alla vita bella, buona e felice di Ges\u00f9 con i suoi apostoli, con i suoi amici e le sue amiche. Pensate alla vita bella, buona e felice nell&#8217;intimit\u00e0 amicale di Lazzaro, Marta e Maria, alla vita bella, buona e felice di uno che sapeva guardare la natura e sapeva contemplarla.\u00a0<strong>Una vita bella<\/strong>,\u00a0<strong>buona<\/strong>\u00a0<strong>e felice quando si accostava agli ammalati e non solo dava ad essi<\/strong>, quando necessitava,\u00a0<strong>il miracolo della guarigione<\/strong>,\u00a0<strong>ma dava ad essi la cura<\/strong>.\u00a0<strong>Perch\u00e9 il Vangelo ci dice che non solo Ges\u00f9 li guar\u00ec<\/strong>,<strong>\u00a0ma ci dice anche che li cur\u00f2<\/strong>.\u00a0<strong>Pensate al nostro Laurino<\/strong>\u00bb.<\/p>\n<p>Successivamente,<strong>\u00a0il presule ha fatto anche una riflessione sulla figura della Vergine Maria<\/strong>: \u00ab<strong>Che tante volte<\/strong>\u00a0\u2013 ricorda \u2013\u00a0<strong>\u00e8 stata davanti agli occhi del nostro fratello Laurino<\/strong>,\u00a0<strong>non fosse altro per le volte che la venerava nella nostra diocesi<\/strong>, nelle parrocchie dove svolgeva il suo servizio,<strong>\u00a0ma anche nel suo peregrinare a Lourdes con gli ammalati dell\u2019Unitalsi<\/strong>.\u00a0<strong>L\u00ec Maria \u00e8 il segno della gloria e in quella gloria tutto si \u00e8 riconcilia<\/strong>, tutto diventa unit\u00e0, tutto diventa amore e avvento del regno definitivo del Cristo che torna nella gloria. Non per niente,<strong>\u00a0ho sempre pensato che Lourdes sia un pezzetto di paradiso venuto sulla terra<\/strong>,\u00a0<strong>che ho avuto la fortuna di contemplare insieme a questo nostro fratello<\/strong>.\u00a0<strong>E Laurino non era quasi mai da solo<\/strong>,\u00a0<strong>ma sempre dietro a una carrozzella a spingere qualche malato che voleva andare fin sotto la grotta<\/strong>.\u00a0<strong>E quel pezzetto di Paradiso spero<\/strong>, e credo,\u00a0<strong>possa essere il premio al suo seguire il Signore<\/strong>\u00bb.<\/p>\n","protected":false},"excerpt":{"rendered":"Pubblichiamo con piacere un articolo comparso sul sito &#8220;Laporzione.it&#8221; che ci racconta una bella storia da Pescara.\u00a0La parrocchia di San Luigi intitola una sala a don Laurino Circeo primo diacono permanente ordinato nella diocesi. Buona lettura. Lo scorso venerd\u00ec \u00e8 stato l\u2019arcivescovo di Pescara-Penne monsignor Tommaso Valentinetti a scoprire e benedire la nuova targa,\u00a0che intitola [&hellip;]","protected":false},"author":2,"featured_media":528,"comment_status":"closed","ping_status":"open","sticky":false,"template":"","format":"standard","meta":{"footnotes":""},"categories":[23],"tags":[49,51,53,55],"class_list":["post-526","post","type-post","status-publish","format-standard","has-post-thumbnail","hentry","category-home","tag-chiesa","tag-comunita","tag-diaconato","tag-diocesi"],"_links":{"self":[{"href":"https:\/\/www.diocesidiroma.it\/diaconato\/index.php\/wp-json\/wp\/v2\/posts\/526","targetHints":{"allow":["GET"]}}],"collection":[{"href":"https:\/\/www.diocesidiroma.it\/diaconato\/index.php\/wp-json\/wp\/v2\/posts"}],"about":[{"href":"https:\/\/www.diocesidiroma.it\/diaconato\/index.php\/wp-json\/wp\/v2\/types\/post"}],"author":[{"embeddable":true,"href":"https:\/\/www.diocesidiroma.it\/diaconato\/index.php\/wp-json\/wp\/v2\/users\/2"}],"replies":[{"embeddable":true,"href":"https:\/\/www.diocesidiroma.it\/diaconato\/index.php\/wp-json\/wp\/v2\/comments?post=526"}],"version-history":[{"count":0,"href":"https:\/\/www.diocesidiroma.it\/diaconato\/index.php\/wp-json\/wp\/v2\/posts\/526\/revisions"}],"wp:featuredmedia":[{"embeddable":true,"href":"https:\/\/www.diocesidiroma.it\/diaconato\/index.php\/wp-json\/"}],"wp:attachment":[{"href":"https:\/\/www.diocesidiroma.it\/diaconato\/index.php\/wp-json\/wp\/v2\/media?parent=526"}],"wp:term":[{"taxonomy":"category","embeddable":true,"href":"https:\/\/www.diocesidiroma.it\/diaconato\/index.php\/wp-json\/wp\/v2\/categories?post=526"},{"taxonomy":"post_tag","embeddable":true,"href":"https:\/\/www.diocesidiroma.it\/diaconato\/index.php\/wp-json\/wp\/v2\/tags?post=526"}],"curies":[{"name":"wp","href":"https:\/\/api.w.org\/{rel}","templated":true}]}}