{"id":581,"date":"2018-03-06T08:00:21","date_gmt":"2018-03-06T07:00:21","guid":{"rendered":"http:\/\/diaconidiroma.com\/?p=581"},"modified":"2018-11-15T23:05:53","modified_gmt":"2018-11-15T22:05:53","slug":"ritiro-di-quaresima","status":"publish","type":"post","link":"https:\/\/www.diocesidiroma.it\/diaconato\/index.php\/ritiro-di-quaresima\/","title":{"rendered":"Ritiro di Quaresima"},"content":{"rendered":"<p>Domenica 4 marzo, in occasione del ritiro quaresimale della nostra comunit\u00e0 del diaconato permanente, si \u00e8 tenuto un incontro dal titolo \u201cLa sofferenza economica mondiale: fatica delle famiglie e politiche in favore del lavoro\u201d.<\/p>\n<p>La relatrice scelta per l&#8217;occasione \u00e8 suor Alessandra Smerilli f.m.a., segretario del Comitato Scientifico delle Settimane Sociali dei cattolici italiani e docente di materie economiche presso la Pontificia Facolt\u00e0 di Scienze dell&#8217;Educazione \u00abAuxilium\u00bb e presso la Lumsa.<\/p>\n<p>Viviamo in un&#8217;epoca di cambiamenti repentini e radicali e questo spesso ci spaventa, ma di questa situazione, non solo italiana, ma globale, dobbiamo prendere atto con grande serenit\u00e0, nella consapevolezza che le opportunit\u00e0 non sono inferiori ai problemi.<\/p>\n<p>Le diseguaglianze fra poveri e<!--more--> ricchi aumentano non solamente tra i paesi, ma anche al loro stesso interno; i maggiori studi in materia concordano nel ritenere che un gran numero di lavoratori sar\u00e0 sostituito negli anni a venire da macchine o robot. In Italia la disoccupazione resta alta e si nota una difficolt\u00e0 nel collegare formazione e lavoro. Intollerabili restano ancora le differenze in termini di trattamento tra lavoratori uomini e lavoratrici donne, spesso frutto di semplici pregiudizi culturali, anche se fa ben sperare il cambio di mentalit\u00e0 presso le nuove generazioni.<\/p>\n<p><img loading=\"lazy\" decoding=\"async\" class=\" wp-image-589 alignleft\" src=\"https:\/\/diaconidiromablog.files.wordpress.com\/2018\/03\/img_2952.jpg\" alt=\"IMG_2952\" width=\"299\" height=\"224\" \/><\/p>\n<p>La Chiesa su questi temi ha molto da dire e con un pizzico di orgoglio possiamo dire che si trova addirittura in prima fila. Non \u00e8 un caso che in Italia i dati pi\u00f9 accurati sulle povert\u00e0 sono quelli forniti dalle Caritas, mentre il dialogo con le istituzioni fa registrare -in questo periodo di \u201cvuoto di contenuti\u201d- risultati sorprendenti: con giusta soddisfazione suor Alessandra Smerilli ci ha raccontato della sua nomina in qualit\u00e0 di \u201cesperto\u201d per il Consiglio Nazionale del Terzo settore voluto dal ministro Poletti.<\/p>\n<p>Un tema caro alla relatrice \u00e8 quello della errata percezione sociale del merito. Quello che noi chiamiamo meritocrazia \u00e8 in verit\u00e0 un&#8217;arma a doppio taglio. Il merito pu\u00f2 infatti aumentare le diseguaglianze, soprattutto se premia la sola produttivit\u00e0 o talenti ricevuti in dono e non conquistati. Occorre, insomma, cambiare questa \u201cideologia globale\u201d del merito e della produttivit\u00e0 a favore di nuovi modelli di lavoro, quali ad esempio quello proposto dalla filosofa canadese Jennifer Nedelsky sintetizzabile nel motto visionario \u201clavoro part time per tutti, attivit\u00e0 di cura per tutti\u201d. Cura e lavoro. Da una parte il lavoro retribuito e dall&#8217;altra tutte quelle attivit\u00e0 di cura, oggi ritenute a torto \u201cinferiori\u201d, che vanno dai semplici lavori domestici fino a quelli in favore della collettivit\u00e0. Su cura e lavoro la percezione sociale deve infatti cambiare; il lavoro e la produttivit\u00e0 non debbono e non possono schiacciare la cura.<\/p>\n<p>&nbsp;<\/p>\n\n","protected":false},"excerpt":{"rendered":"Domenica 4 marzo, in occasione del ritiro quaresimale della nostra comunit\u00e0 del diaconato permanente, si \u00e8 tenuto un incontro dal titolo \u201cLa sofferenza economica mondiale: fatica delle famiglie e politiche in favore del lavoro\u201d. La relatrice scelta per l&#8217;occasione \u00e8 suor Alessandra Smerilli f.m.a., segretario del Comitato Scientifico delle Settimane Sociali dei cattolici italiani e [&hellip;]","protected":false},"author":2,"featured_media":1204,"comment_status":"closed","ping_status":"open","sticky":false,"template":"","format":"standard","meta":{"footnotes":""},"categories":[21,23],"tags":[49,50,51,80,83,88],"class_list":["post-581","post","type-post","status-publish","format-standard","has-post-thumbnail","hentry","category-formazione-permanente","category-home","tag-chiesa","tag-comunione","tag-comunita","tag-quaresima","tag-ritiro","tag-spiritualita"],"_links":{"self":[{"href":"https:\/\/www.diocesidiroma.it\/diaconato\/index.php\/wp-json\/wp\/v2\/posts\/581","targetHints":{"allow":["GET"]}}],"collection":[{"href":"https:\/\/www.diocesidiroma.it\/diaconato\/index.php\/wp-json\/wp\/v2\/posts"}],"about":[{"href":"https:\/\/www.diocesidiroma.it\/diaconato\/index.php\/wp-json\/wp\/v2\/types\/post"}],"author":[{"embeddable":true,"href":"https:\/\/www.diocesidiroma.it\/diaconato\/index.php\/wp-json\/wp\/v2\/users\/2"}],"replies":[{"embeddable":true,"href":"https:\/\/www.diocesidiroma.it\/diaconato\/index.php\/wp-json\/wp\/v2\/comments?post=581"}],"version-history":[{"count":1,"href":"https:\/\/www.diocesidiroma.it\/diaconato\/index.php\/wp-json\/wp\/v2\/posts\/581\/revisions"}],"predecessor-version":[{"id":1156,"href":"https:\/\/www.diocesidiroma.it\/diaconato\/index.php\/wp-json\/wp\/v2\/posts\/581\/revisions\/1156"}],"wp:featuredmedia":[{"embeddable":true,"href":"https:\/\/www.diocesidiroma.it\/diaconato\/index.php\/wp-json\/wp\/v2\/media\/1204"}],"wp:attachment":[{"href":"https:\/\/www.diocesidiroma.it\/diaconato\/index.php\/wp-json\/wp\/v2\/media?parent=581"}],"wp:term":[{"taxonomy":"category","embeddable":true,"href":"https:\/\/www.diocesidiroma.it\/diaconato\/index.php\/wp-json\/wp\/v2\/categories?post=581"},{"taxonomy":"post_tag","embeddable":true,"href":"https:\/\/www.diocesidiroma.it\/diaconato\/index.php\/wp-json\/wp\/v2\/tags?post=581"}],"curies":[{"name":"wp","href":"https:\/\/api.w.org\/{rel}","templated":true}]}}