{"id":972,"date":"2018-11-08T17:54:45","date_gmt":"2018-11-08T16:54:45","guid":{"rendered":"https:\/\/www.diocesidiroma.it\/diaconato\/?p=972"},"modified":"2018-11-15T22:10:59","modified_gmt":"2018-11-15T21:10:59","slug":"il-cardinale-angelo-de-donatis-visita-la-comunita-di-san-stanislao","status":"publish","type":"post","link":"https:\/\/www.diocesidiroma.it\/diaconato\/index.php\/il-cardinale-angelo-de-donatis-visita-la-comunita-di-san-stanislao\/","title":{"rendered":"Il cardinale Angelo De Donatis visita la comunit\u00e0 di San Stanislao"},"content":{"rendered":"<p style=\"text-align: left;\"><img loading=\"lazy\" decoding=\"async\" class=\"size-medium wp-image-975 alignleft\" src=\"https:\/\/www.diocesidiroma.it\/diaconato\/wp-content\/uploads\/1530441022730-206x300.jpg\" alt=\"\" width=\"206\" height=\"300\" srcset=\"https:\/\/www.diocesidiroma.it\/diaconato\/wp-content\/uploads\/1530441022730-206x300.jpg 206w, https:\/\/www.diocesidiroma.it\/diaconato\/wp-content\/uploads\/1530441022730.jpg 220w\" sizes=\"auto, (max-width: 206px) 100vw, 206px\" \/><\/p>\n<p>Domenica alle 10.30 la celebrazione presieduta dal vicario del Papa nella chiesa di Cinecitt\u00e0, dove da settembre vive Andrea Sartori, 49 anni, con la moglie e i 4 figli. Il vescovo del settore Est monsignor Gianpiero Palmieri: \u00abLa parrocchia di San Stanislao vive una speciale vocazione, che \u00e8 quella di diventare una diaconia: una comunit\u00e0 al servizio dei poveri e delle persone ferite, in vista del loro sviluppo umano integrale\u00bb Il cardinale vicario Angelo De Donatis<!--more--> presieder\u00e0 la Messa nella chiesa di San Stanislao (viale Rolando Vignali, 15), che rappresenta un caso unico nella diocesi di Roma: la comunit\u00e0 di Cinecitt\u00e0 non \u00e8 infatti affidata alle cure di un sacerdote ma del diacono Andrea Sartori, che dallo scorso settembre vive nella canonica con la moglie Laura e i quattro figli (tre ragazzi di 20, 19 e 17 anni e una bambina di 10). Collabora con loro una \u00e9quipe di diaconi, tra cui anche il diacono Enrico Valletta, originario proprio di San Stanislao. Celebra l\u2019Eucarestia e confessa don Roko Celent, che \u00e8 viceparroco nella vicina San Giuseppe Moscati.<\/p>\n","protected":false},"excerpt":{"rendered":"Domenica alle 10.30 la celebrazione presieduta dal vicario del Papa nella chiesa di Cinecitt\u00e0, dove da settembre vive Andrea Sartori, 49 anni, con la moglie e i 4 figli. Il vescovo del settore Est monsignor Gianpiero Palmieri: \u00abLa parrocchia di San Stanislao vive una speciale vocazione, che \u00e8 quella di diventare una diaconia: una comunit\u00e0 [&hellip;]","protected":false},"author":2,"featured_media":1180,"comment_status":"closed","ping_status":"closed","sticky":false,"template":"","format":"standard","meta":{"footnotes":""},"categories":[23],"tags":[45,53,54,76,97],"class_list":["post-972","post","type-post","status-publish","format-standard","has-post-thumbnail","hentry","category-home","tag-cardinale","tag-diaconato","tag-diaconia","tag-parrocchia","tag-settoreest"],"_links":{"self":[{"href":"https:\/\/www.diocesidiroma.it\/diaconato\/index.php\/wp-json\/wp\/v2\/posts\/972","targetHints":{"allow":["GET"]}}],"collection":[{"href":"https:\/\/www.diocesidiroma.it\/diaconato\/index.php\/wp-json\/wp\/v2\/posts"}],"about":[{"href":"https:\/\/www.diocesidiroma.it\/diaconato\/index.php\/wp-json\/wp\/v2\/types\/post"}],"author":[{"embeddable":true,"href":"https:\/\/www.diocesidiroma.it\/diaconato\/index.php\/wp-json\/wp\/v2\/users\/2"}],"replies":[{"embeddable":true,"href":"https:\/\/www.diocesidiroma.it\/diaconato\/index.php\/wp-json\/wp\/v2\/comments?post=972"}],"version-history":[{"count":4,"href":"https:\/\/www.diocesidiroma.it\/diaconato\/index.php\/wp-json\/wp\/v2\/posts\/972\/revisions"}],"predecessor-version":[{"id":978,"href":"https:\/\/www.diocesidiroma.it\/diaconato\/index.php\/wp-json\/wp\/v2\/posts\/972\/revisions\/978"}],"wp:featuredmedia":[{"embeddable":true,"href":"https:\/\/www.diocesidiroma.it\/diaconato\/index.php\/wp-json\/wp\/v2\/media\/1180"}],"wp:attachment":[{"href":"https:\/\/www.diocesidiroma.it\/diaconato\/index.php\/wp-json\/wp\/v2\/media?parent=972"}],"wp:term":[{"taxonomy":"category","embeddable":true,"href":"https:\/\/www.diocesidiroma.it\/diaconato\/index.php\/wp-json\/wp\/v2\/categories?post=972"},{"taxonomy":"post_tag","embeddable":true,"href":"https:\/\/www.diocesidiroma.it\/diaconato\/index.php\/wp-json\/wp\/v2\/tags?post=972"}],"curies":[{"name":"wp","href":"https:\/\/api.w.org\/{rel}","templated":true}]}}