{"id":1784,"date":"2023-10-06T13:17:36","date_gmt":"2023-10-06T11:17:36","guid":{"rendered":"https:\/\/www.diocesidiroma.it\/pretiaroma\/?p=1784"},"modified":"2023-10-06T13:17:36","modified_gmt":"2023-10-06T11:17:36","slug":"incontro-con-caracciolo-per-i-sacerdoti","status":"publish","type":"post","link":"https:\/\/www.diocesidiroma.it\/pretiaroma\/index.php\/incontro-con-caracciolo-per-i-sacerdoti\/","title":{"rendered":"Incontro con Caracciolo per i sacerdoti"},"content":{"rendered":"<div class=\"td-post-featured-image\">\n<figure><figcaption class=\"wp-caption-text\">Lucio Caracciolo<\/figcaption><\/figure>\n<\/div>\n<p>\u00abCon lo scoppio della guerra in Ucraina a seguito dell\u2019invasione russa, \u00e8 sempre pi\u00f9 attuale e urgente comprendere le circostanze, le cause e le evoluzioni degli equilibri mondiali. Infatti, gli effetti collaterali del conflitto che insanguina l\u2019Europa Orientale sono evidenti a tutte le latitudini, soprattutto nelle periferie del mondo. D\u2019altronde, in un mondo \u201cvillaggio globale\u201d, oggi \u00e8 pi\u00f9 che mai evidente come le conseguenze degli avvenimenti geopolitici mondiali interessino tutti i territori, le comunit\u00e0 e le economie. Pertanto, alla luce del Magistero della Chiesa \u00e8 necessario interpretare i \u201csegni dei tempi\u201d rispetto a quanto sta avvenendo sul palcoscenico della Storia\u00bb.<\/p>\n<p>A spiegarlo \u00e8 padre Giulio Albanese, direttore dell<strong>\u2019Ufficio per la cooperazione missionaria tra le Chiese\u00a0<\/strong>della diocesi di Roma, che, a questo proposito, insieme all\u2019<strong>Ufficio per la formazione permanente del clero<\/strong>\u00a0e propongono un incontro con il dottor\u00a0<strong>Lucio Caracciolo<\/strong>, direttore della rivista di geopolitica internazionale Limes.<strong>\u00a0\u201cTutto un altro Mondo \u2013 Come la guerra in Ucraina ha stravolto l\u2019ordine globale\u201d\u00a0<\/strong>\u00e8 il titolo della conferenza, aperta a tutti i ministri ordinati della diocesi di Roma, che si svolger\u00e0 il prossimo 17 ottobre alle ore 11 nella sala della Conciliazione nel Palazzo Lateranense.<\/p>\n<p>6 ottobre 2023<\/p>\n","protected":false},"excerpt":{"rendered":"<p>Lucio Caracciolo \u00abCon lo scoppio della guerra in Ucraina a seguito dell\u2019invasione russa, \u00e8 sempre pi\u00f9 attuale e urgente comprendere le circostanze, le cause e le evoluzioni degli equilibri mondiali. Infatti, gli effetti collaterali del conflitto che insanguina l\u2019Europa Orientale sono evidenti a tutte le latitudini, soprattutto nelle periferie del mondo. D\u2019altronde, in un mondo [&hellip;]<\/p>\n","protected":false},"author":53,"featured_media":1786,"comment_status":"closed","ping_status":"closed","sticky":false,"template":"","format":"standard","meta":{"ngg_post_thumbnail":0,"footnotes":""},"categories":[13],"tags":[],"class_list":["post-1784","post","type-post","status-publish","format-standard","has-post-thumbnail","hentry","category-notizie"],"_links":{"self":[{"href":"https:\/\/www.diocesidiroma.it\/pretiaroma\/index.php\/wp-json\/wp\/v2\/posts\/1784","targetHints":{"allow":["GET"]}}],"collection":[{"href":"https:\/\/www.diocesidiroma.it\/pretiaroma\/index.php\/wp-json\/wp\/v2\/posts"}],"about":[{"href":"https:\/\/www.diocesidiroma.it\/pretiaroma\/index.php\/wp-json\/wp\/v2\/types\/post"}],"author":[{"embeddable":true,"href":"https:\/\/www.diocesidiroma.it\/pretiaroma\/index.php\/wp-json\/wp\/v2\/users\/53"}],"replies":[{"embeddable":true,"href":"https:\/\/www.diocesidiroma.it\/pretiaroma\/index.php\/wp-json\/wp\/v2\/comments?post=1784"}],"version-history":[{"count":1,"href":"https:\/\/www.diocesidiroma.it\/pretiaroma\/index.php\/wp-json\/wp\/v2\/posts\/1784\/revisions"}],"predecessor-version":[{"id":1787,"href":"https:\/\/www.diocesidiroma.it\/pretiaroma\/index.php\/wp-json\/wp\/v2\/posts\/1784\/revisions\/1787"}],"wp:featuredmedia":[{"embeddable":true,"href":"https:\/\/www.diocesidiroma.it\/pretiaroma\/index.php\/wp-json\/wp\/v2\/media\/1786"}],"wp:attachment":[{"href":"https:\/\/www.diocesidiroma.it\/pretiaroma\/index.php\/wp-json\/wp\/v2\/media?parent=1784"}],"wp:term":[{"taxonomy":"category","embeddable":true,"href":"https:\/\/www.diocesidiroma.it\/pretiaroma\/index.php\/wp-json\/wp\/v2\/categories?post=1784"},{"taxonomy":"post_tag","embeddable":true,"href":"https:\/\/www.diocesidiroma.it\/pretiaroma\/index.php\/wp-json\/wp\/v2\/tags?post=1784"}],"curies":[{"name":"wp","href":"https:\/\/api.w.org\/{rel}","templated":true}]}}