
{"id":5771,"global_id":"www.diocesidiroma.it\/sanitaria?id=5771","global_id_lineage":["www.diocesidiroma.it\/sanitaria?id=5771"],"author":"1","status":"publish","date":"2023-06-15 12:39:05","date_utc":"2023-06-15 10:39:05","modified":"2023-06-15 12:39:05","modified_utc":"2023-06-15 10:39:05","url":"https:\/\/www.diocesidiroma.it\/sanitaria\/index.php\/event\/servo-di-dio-giancarlo-rastelli-cardiochirurgo-12\/","rest_url":"https:\/\/www.diocesidiroma.it\/sanitaria\/index.php\/wp-json\/tribe\/events\/v1\/events\/5771","title":"Servo di Dio Giancarlo Rastelli, cardiochirurgo","description":"<div class=\"mh-container\">\n<div class=\"mh-wrapper clearfix\">\n<div class=\"mh-main\">\n<div class=\"mh-content left\">\n<article class=\"post-37526 post type-post status-publish format-standard has-post-thumbnail hentry category-terza-web tag-beatificazione tag-cardiochirurgia tag-globale tag-mayo-clinic tag-medicina tag-parma\">\n<div class=\"entry clearfix\">\n<div class=\"mh-container\">\n<div class=\"mh-wrapper clearfix\">\n<div class=\"mh-main\">\n<div class=\"mh-content left\">\n<article class=\"post-37526 post type-post status-publish format-standard has-post-thumbnail hentry category-terza-web tag-beatificazione tag-cardiochirurgia tag-globale tag-mayo-clinic tag-medicina tag-parma\">\n<div class=\"entry clearfix\">\n<p><strong><span style=\"color: #993300\">Servo di Dio Giancarlo Rastelli, cardiochirurgo<\/span><\/strong><\/p>\n<\/div>\n<\/article>\n<\/div>\n<\/div>\n<\/div>\n<\/div>\n<p>\u00ab<em>Ho sempre pensato che la prima carit\u00e0 che l\u2019ammalato<br \/>\ndeve avere dal medico\u00a0\u00e8 la carit\u00e0 della scienza.<br \/>\n\u00c8 la carit\u00e0 di essere\u00a0curato come va.<br \/>\nSenza di questo \u00e8 inutile parlare delle altre carit\u00e0.<br \/>\nSenza di questo si fa del paternalismo e del pietismo soltanto<\/em>\u00bb.<\/p>\n<\/div>\n<\/article>\n<\/div>\n<\/div>\n<\/div>\n<\/div>","excerpt":"","slug":"servo-di-dio-giancarlo-rastelli-cardiochirurgo-12","image":false,"all_day":false,"start_date":"2019-07-24 00:00:00","start_date_details":{"year":"2019","month":"07","day":"24","hour":"00","minutes":"00","seconds":"00"},"end_date":"2019-07-24 00:00:00","end_date_details":{"year":"2019","month":"07","day":"24","hour":"00","minutes":"00","seconds":"00"},"utc_start_date":"2019-07-23 22:00:00","utc_start_date_details":{"year":"2019","month":"07","day":"23","hour":"22","minutes":"00","seconds":"00"},"utc_end_date":"2019-07-23 22:00:00","utc_end_date_details":{"year":"2019","month":"07","day":"23","hour":"22","minutes":"00","seconds":"00"},"timezone":"Europe\/Rome","timezone_abbr":"CEST","cost":"","cost_details":{"currency_symbol":"","currency_position":"prefix","values":[]},"website":"https:\/\/www.diocesidiroma.it\/sanitaria\/index.php\/mc-events\/servo-di-dio-giancarlo-rastelli-cardiochirurgo-12\/","show_map":false,"show_map_link":false,"hide_from_listings":false,"sticky":false,"featured":false,"categories":[{"name":"Santi della Sanit\u00e0","slug":"santi-della-sanita","term_group":0,"term_taxonomy_id":64,"taxonomy":"tribe_events_cat","description":"","parent":0,"count":426,"filter":"raw","id":64,"urls":{"self":"https:\/\/www.diocesidiroma.it\/sanitaria\/index.php\/wp-json\/tribe\/events\/v1\/categories\/64","collection":"https:\/\/www.diocesidiroma.it\/sanitaria\/index.php\/wp-json\/tribe\/events\/v1\/categories"}}],"tags":[],"venue":[],"organizer":[],"json_ld":{"@context":"http:\/\/schema.org","@type":"Event","name":"Servo di Dio Giancarlo Rastelli, cardiochirurgo","description":"&lt;p&gt;Servo di Dio Giancarlo Rastelli, cardiochirurgo \u00abHo sempre pensato che la prima carit\u00e0 che l\u2019ammalato deve avere dal medico\u00a0\u00e8 la carit\u00e0 della scienza. \u00c8 la carit\u00e0 di essere\u00a0curato come va. Senza di questo \u00e8 inutile parlare delle altre carit\u00e0. Senza di questo si fa del paternalismo e del pietismo soltanto\u00bb.&lt;\/p&gt;\\n","url":"https:\/\/www.diocesidiroma.it\/sanitaria\/index.php\/event\/servo-di-dio-giancarlo-rastelli-cardiochirurgo-12\/","startDate":"2019-07-24T00:00:00+02:00","endDate":"2019-07-24T00:00:00+02:00"}}