
{"id":5881,"global_id":"www.diocesidiroma.it\/sanitaria?id=5881","global_id_lineage":["www.diocesidiroma.it\/sanitaria?id=5881"],"author":"1","status":"publish","date":"2023-06-15 12:40:26","date_utc":"2023-06-15 10:40:26","modified":"2023-06-15 12:40:26","modified_utc":"2023-06-15 10:40:26","url":"https:\/\/www.diocesidiroma.it\/sanitaria\/index.php\/event\/ven-don-pasquale-uva-2\/","rest_url":"https:\/\/www.diocesidiroma.it\/sanitaria\/index.php\/wp-json\/tribe\/events\/v1\/events\/5881","title":"Ven. Don Pasquale Uva","description":"<p><strong>Venerabile don Pasquale Uva (10.8.1883-13.9.1955)<\/strong><br \/>\n<strong>Fondatore della Congregazione delle Suore Ancelle della Divina Provvidenza<\/strong><\/p>\n<p>\u00abOgni volta che avete fatto queste cose a uno solo di questi miei fratelli pi\u00f9 piccoli l\u2019avete fatto a me\u00bb (<em>Mt <\/em>25,40). L\u2019invito di Cristo a trovare il suo volto in coloro che vengono socialmente catalogati tra gli ultimi divent\u00f2 per il Venerabile Pasquale Uva un programma di vita. In conformit\u00e0 alla divina volont\u00e0 del Redentore, animato dalla preghiera incessante, si prodig\u00f2 con carit\u00e0 operosa nell\u2019alleviare il dramma di quanti, involontariamente, erano incapaci a vivere una dignitosa esistenza umana.<\/p>\n<p>Il Venerabile nacque a Bisceglie (Bari) il 10 agosto 1883, in un\u2019agiata famiglia di agricoltori. Secondogenito di nove figli, ricevette il battesimo due giorni dopo la nascita e la cresima all\u2019et\u00e0 di 3 anni. Il contesto familiare, permeato di religiosit\u00e0 e di operosa attenzione verso i pi\u00f9 indigenti, segn\u00f2 profondamente l\u2019infanzia del Venerabile , il quale fin da piccolo manifest\u00f2 una profonda sensibilit\u00e0 ed un\u2019acuta intelligenza. Per motivi di studio, nel 1895, entr\u00f2 nel seminario diocesano di Bisceglie, anche unica scuola media della cittadina. Nel 1897 pass\u00f2 al seminario di Benevento per i due anni di ginnasio, durante i quali matur\u00f2 la vocazione al sacerdozio, che segu\u00ec con impegno e coerenza nonostante una iniziale avversione da parte dei genitori. Conseguita la licenza liceale, si trasfer\u00ec a Roma presso l\u2019Almo Collegio Capranica e frequent\u00f2 i corsi teologici in Gregoriana. Ordinato sacerdote il 15 agosto 1906, consegu\u00ec il dottorato in teologia nel 1907 e in diritto canonico l\u2019anno successivo.<\/p>\n<p>Ritornato a Bisceglie, fu dapprima coadiutore nella parrocchia di Sant\u2019Adoeno e dal novembre 1911 curato di S. Agostino di cui, nel 1919, divenne primo parroco. Le gravi situazioni di degrado umano e sociale che il Venerabile incontr\u00f2 durante la sua attivit\u00e0, lo indussero ad avviare una serie di iniziative in favore delle categorie pi\u00f9 indifese. A tale scopo, oltre ad incrementare e rendere pi\u00f9 incisiva la pastorale ordinaria, istitu\u00ec scuole elementari per alunni di ambo i sessi, doposcuola serale per i giovani lavoratori e scuola di ricamo e cucito per le ragazze. Cominci\u00f2 cos\u00ec a prendere forma quell\u2019ispirazione che don Pasquale aveva avuto da seminarista nel leggere la vita di S. Giuseppe Benedetto Cottolengo, cio\u00e8 costruire una casa per gli emarginati della societ\u00e0. Il 3 ottobre 1921, con la posa della prima pietra di un piccolo edificio presso la chiesa di Sant\u2019Agostino, i poveri e gli esclusi, principalmente i malati di mente, trovarono amorevole cura e adeguata assistenza. Meno di un anno dopo, il 10 agosto 1922, otto giovani catechiste si unirono al Venerabile per l\u2019assistenza dei ricoverati, dando vita alla futura Congregazione delle Ancelle della Divina Provvidenza, che otterr\u00e0 l\u2019approvazione diocesana nel 1926 e quella pontificia nel 1944. Il Venerabile, con fede limpida e coraggiosa speranza, si chin\u00f2 in modo particolare sui malati di mente e sugli emarginati, alleviando le loro sofferenze e quelle delle loro famiglie. Testimone dell\u2019amore di Cristo, con intelligente carit\u00e0 e grande spirito di sacrificio seppe animare quanti lo seguirono e lo collaborarono in tutte le sue iniziative. Fronteggi\u00f2 con pazienza e serenit\u00e0 gli ostacoli e i rifiuti, traendo alimento dall\u2019Eucarestia quotidiana e da un\u2019intensa vita interiore. Questa attenzione verso le persone affette da malattie mentali, indusse il Venerabile a realizzare delle strutture adeguate, costruendo, nel corso degli anni, i padiglioni dell\u2019Istituto Ortofrenico e dell\u2019Ospedale Psichiatrico. Con la Congregazione delle Ancelle crebbero anche le strutture ospedaliere della Casa della Divina Provvidenza. Il 22 luglio del 1945 fu posta la prima pietra del complesso psichiatrico e ortofrenico in Foggia, seguita dalla costruzione degli ospedali di Potenza nel 1948 e di Guidonia (Roma) nel 1953. La salute di Don Uva, gi\u00e0 minata dal 1952, peggior\u00f2 precipitosamente a motivo di un cancro prostatico con metastasi diffusa alla colonna vertebrale. Il 13 settembre 1955, alle ore 14.00, dopo aver ricevuto l\u2019Unzione degli infermi e l\u2019Eucaristia sotto forma di viatico, si spense raccomandando per l\u2019ultima volta alle suore: \u00abAmate gli ammalati\u00bb.\u00a0 Il successivo 16 settembre una grande folla, partecipando ai funerali celebrati nella basilica di S. Giuseppe, da lui fatta erigere, testimoni\u00f2 il compianto e l\u2019ammirazione per le virt\u00f9 che avevano illuminato la sua vita spesa in favore degli ultimi. (<em>Dal Decreto sulle virt\u00f9 di don Pasquale Uva della Congregazione per le Cause dei Santi del 10.5.2012<\/em>)<\/p>","excerpt":"","slug":"ven-don-pasquale-uva-2","image":false,"all_day":false,"start_date":"2019-09-12 00:00:00","start_date_details":{"year":"2019","month":"09","day":"12","hour":"00","minutes":"00","seconds":"00"},"end_date":"2019-09-12 00:00:00","end_date_details":{"year":"2019","month":"09","day":"12","hour":"00","minutes":"00","seconds":"00"},"utc_start_date":"2019-09-11 22:00:00","utc_start_date_details":{"year":"2019","month":"09","day":"11","hour":"22","minutes":"00","seconds":"00"},"utc_end_date":"2019-09-11 22:00:00","utc_end_date_details":{"year":"2019","month":"09","day":"11","hour":"22","minutes":"00","seconds":"00"},"timezone":"Europe\/Rome","timezone_abbr":"CEST","cost":"","cost_details":{"currency_symbol":"","currency_position":"prefix","values":[]},"website":"https:\/\/www.diocesidiroma.it\/sanitaria\/index.php\/mc-events\/ven-don-pasquale-uva-2\/","show_map":false,"show_map_link":false,"hide_from_listings":false,"sticky":false,"featured":false,"categories":[{"name":"Santi della Sanit\u00e0","slug":"santi-della-sanita","term_group":0,"term_taxonomy_id":64,"taxonomy":"tribe_events_cat","description":"","parent":0,"count":426,"filter":"raw","id":64,"urls":{"self":"https:\/\/www.diocesidiroma.it\/sanitaria\/index.php\/wp-json\/tribe\/events\/v1\/categories\/64","collection":"https:\/\/www.diocesidiroma.it\/sanitaria\/index.php\/wp-json\/tribe\/events\/v1\/categories"}}],"tags":[],"venue":[],"organizer":[],"json_ld":{"@context":"http:\/\/schema.org","@type":"Event","name":"Ven. Don Pasquale Uva","description":"&lt;p&gt;Venerabile don Pasquale Uva (10.8.1883-13.9.1955) Fondatore della Congregazione delle Suore Ancelle della Divina Provvidenza \u00abOgni volta che avete fatto queste cose a uno solo di questi miei fratelli pi\u00f9 piccoli l\u2019avete fatto a me\u00bb (Mt 25,40). L\u2019invito di Cristo a trovare il suo volto in coloro che vengono socialmente catalogati tra gli ultimi divent\u00f2 per [&hellip;]&lt;\/p&gt;\\n","url":"https:\/\/www.diocesidiroma.it\/sanitaria\/index.php\/event\/ven-don-pasquale-uva-2\/","startDate":"2019-09-12T00:00:00+02:00","endDate":"2019-09-12T00:00:00+02:00"}}