
{"id":6011,"global_id":"www.diocesidiroma.it\/sanitaria?id=6011","global_id_lineage":["www.diocesidiroma.it\/sanitaria?id=6011"],"author":"1","status":"publish","date":"2023-06-15 12:41:57","date_utc":"2023-06-15 10:41:57","modified":"2023-06-15 12:41:57","modified_utc":"2023-06-15 10:41:57","url":"https:\/\/www.diocesidiroma.it\/sanitaria\/index.php\/event\/servo-di-dio-nicola-donofrio-1897-1930\/","rest_url":"https:\/\/www.diocesidiroma.it\/sanitaria\/index.php\/wp-json\/tribe\/events\/v1\/events\/6011","title":"Servo di Dio Nicola D&#8217;Onofrio (1897-1930)","description":"<p><span style=\"color: #993300\"><strong>Servo di Dio Nicola D&#8217;Onofrio<\/strong><\/span><br \/>\nFin da bambino vuole essere Camilliano: un po\u2019 perch\u00e9 al suo paese (che dista meno di dieci chilometri da Bucchianico, dov\u2019\u00e8 nato San Camillo) se ne respira l\u2019aria, un po\u2019 anche perch\u00e9 ne sente il fascino tramite un suo giovane compaesano appena ordinato. Sono quelli di casa a mettersi di traverso: mamma, perch\u00e9 ancora accetterebbe un figlio prete, ma religioso proprio no; pap\u00e0, perch\u00e9 deve rinunciare a due braccia robuste che potrebbero aiutarlo nel lavoro dei campi; le zie, che sono pronte a dichiararlo loro unico erede se rinuncia ad entrare in seminario. La spunta lui, dopo un anno di lotte, di preghiera e di sacrifici che irrobustiscono la sua vocazione. Nicola d\u2019Onofrio, nato a Villamagna (provincia di Chieti) nel 1943, entra cos\u00ec nel seminario dei Camilliani di Roma nel 1955, dimostrando subito una vocazione che via via si fa pi\u00f9 sicura e solida e un\u2019attitudine particolare nella cura dei malati, che \u00e8 poi il carisma specifico della congregazione: ai tre tradizionali voti comuni a tutti i religiosi, aggiungono infatti quello specifico di servizio agli ammalati e sofferenti, \u201csempre, anche con rischio della vita\u201d.<\/p>\n<p>Un piccolo diario spirituale, che il tempo ha risparmiato, ci delinea il suo cammino gioioso e insieme faticoso verso Dio, facendo emergere la fisionomia pulita ed affascinante di un giovane, che a prezzo di sacrifici e di lotte \u00e8 riuscito ad arrivare ad una straordinaria intimit\u00e0 con Ges\u00f9, legandosi alla Madonna con un affetto delicato e filiale. Ai nuovi tentativi di pap\u00e0 di ancora riportarselo a casa reagisce con rispettosa fermezza, a dimostrazione di una vocazione ormai definita e che sfocia il 7 ottobre 1961 nell\u2019offerta dei voti temporanei. Gi\u00e0 fiero dell\u2019abito che porta, contraddistinto dalla tradizionale croce rossa propria del suo Ordine, Nicolino \u00e8 adesso anche gioioso di appartenere a pieno titolo alla famiglia camilliana. Sua maestra spirituale \u00e8 la Santa di Lisieux, la piccola Teresa, che gli traccia un cammino di santit\u00e0 semplice e gioiosa, che Nicolino percorre con entusiasmo, suscitando l\u2019ammirazione di superiori e confratelli. Le prime avvisaglie del suo male si manifestano sul finire del 1962, ma ci vogliono sei mesi prima che si formuli la diagnosi di teratosarcoma.<\/p>\n<p>Subisce l\u2019intervento chirurgico, si sottopone alla cobaltoterapia, affronta cure dolorose in assoluta docilit\u00e0 e obbedienza ai superiori, pur nella convinzione, se dipendesse solo da lui, che \u201cse \u00e8 la Madonna che mi chiama, io sono felice di partire\u2026\u201d. Sempre per obbedienza va pellegrino a Lourdes ed a Lisieux, per chiedere il miracolo come vogliono i superiori, avvertendo per\u00f2 che \u201cnon chieder\u00f2 la guarigione, ma che io possa compiere in pieno la volont\u00e0 di Dio\u201d. Ed \u00e8 proprio questa la grazia che ottiene, tornando a casa con un polmone ormai intaccato dalle metastasi del cancro che sta demolendo tutto il suo fisico. L\u2019unico dispiacere \u00e8 di non poter raggiungere il sacerdozio ed il veder cos\u00ec spegnersi le sue tante speranze di servire i fratelli, ma tutto offre perch\u00e9 quella sua sofferenza possa raggiungere chi \u00e8 lontano da Dio, chi ha bisogno di aiuto spirituale. Il 10 maggio 1964, in anticipo rispetto ai tempi canonici e perci\u00f2 con dispensa della Santa Sede, emette i voti perpetui: \u00e8 ormai completamente debilitato, costretto in carrozzella e smagrito da far paura. Si spegne un mese dopo, il 12 giugno, lucido e orante fino alla fine, soffrendo atrocemente. \u00c8 Venerabile.<\/p>\n<p><strong>\u00a0<\/strong><\/p>\n<p><strong>Pensieri<\/strong><\/p>\n<p>&#8220;Tutto qui si fa per Ges\u00f9, per suo amore. Nessuno mi chiede cose eccezionali, come dormire per terra, digiunare. Io faccio solo quello che devo fare \u2013 per amore \u2013 come S. Teresina, che non ha fatto nulla di particolare; a 24 anni \u00e8 morta di TBC ed \u00e8 diventata santa&#8221;<\/p>\n<p>\u201cGes\u00f9, se un giorno dovr\u00f2 buttare come tanti l\u2019Abito santo, fa che io muoia prima di riceverlo per la prima volta; non ho paura di morire ora, sono in Grazia tua. Che soave cosa poterti venire a vedere insieme alla Tua e mia mamma: Maria!\u201d.<\/p>\n<p>\u201cIl demonio si vince stando vicino a Ges\u00f9 e a Maria coi sacramenti e con la preghiera\u201d.<\/p>\n<p>\u201cSe \u00e8 la Madonna che mi chiama, io sono felice di partire\u201d.<\/p>\n<p>\u201cVoglio morire presto, se a Dio piace, per volare tra le braccia della mia Mamma. Voglio andare a riposarmi in Paradiso. S\u00ec\u2026Mammina dolce\u2026Ecco che pian piano il sereno torna nel mio animo e posso mirare pi\u00f9 lontano&#8230;tutto per voi Ges\u00f9, Maria!\u201d.<\/p>\n<p><strong>\u00a0<\/strong><\/p>\n<p><strong>Preghiera<\/strong><\/p>\n<p>Dio, buono e misericordioso, che hai chiamato il tuo Servo Nicola D&#8217;Onofrio alla sequela di Ges\u00f9 per offrire la ricchezza della sua giovane mente e dell&#8217;ardente cuore al servizio del Figlio tuo nella persona dei malati, glorifica il tuo fedele Servo e fa&#8217; che i giovani di oggi riconoscano in lui un modello di vita nella via dell&#8217;amore e del sacrificio per portare le anime a Te che con il Figlio e lo Spirito Santo vivi e regni nei cuori dei tuoi figli. Amen<\/p>","excerpt":"","slug":"servo-di-dio-nicola-donofrio-1897-1930","image":false,"all_day":false,"start_date":"2020-05-05 00:00:00","start_date_details":{"year":"2020","month":"05","day":"05","hour":"00","minutes":"00","seconds":"00"},"end_date":"2020-05-05 00:00:00","end_date_details":{"year":"2020","month":"05","day":"05","hour":"00","minutes":"00","seconds":"00"},"utc_start_date":"2020-05-04 22:00:00","utc_start_date_details":{"year":"2020","month":"05","day":"04","hour":"22","minutes":"00","seconds":"00"},"utc_end_date":"2020-05-04 22:00:00","utc_end_date_details":{"year":"2020","month":"05","day":"04","hour":"22","minutes":"00","seconds":"00"},"timezone":"Europe\/Rome","timezone_abbr":"CEST","cost":"","cost_details":{"currency_symbol":"","currency_position":"prefix","values":[]},"website":"https:\/\/www.diocesidiroma.it\/sanitaria\/index.php\/mc-events\/servo-di-dio-nicola-donofrio-1897-1930\/","show_map":false,"show_map_link":false,"hide_from_listings":false,"sticky":false,"featured":false,"categories":[{"name":"Santi della Sanit\u00e0","slug":"santi-della-sanita","term_group":0,"term_taxonomy_id":64,"taxonomy":"tribe_events_cat","description":"","parent":0,"count":426,"filter":"raw","id":64,"urls":{"self":"https:\/\/www.diocesidiroma.it\/sanitaria\/index.php\/wp-json\/tribe\/events\/v1\/categories\/64","collection":"https:\/\/www.diocesidiroma.it\/sanitaria\/index.php\/wp-json\/tribe\/events\/v1\/categories"}}],"tags":[],"venue":[],"organizer":[],"json_ld":{"@context":"http:\/\/schema.org","@type":"Event","name":"Servo di Dio Nicola D&#8217;Onofrio (1897-1930)","description":"&lt;p&gt;Servo di Dio Nicola D\\'Onofrio Fin da bambino vuole essere Camilliano: un po\u2019 perch\u00e9 al suo paese (che dista meno di dieci chilometri da Bucchianico, dov\u2019\u00e8 nato San Camillo) se ne respira l\u2019aria, un po\u2019 anche perch\u00e9 ne sente il fascino tramite un suo giovane compaesano appena ordinato. Sono quelli di casa a mettersi di [&hellip;]&lt;\/p&gt;\\n","url":"https:\/\/www.diocesidiroma.it\/sanitaria\/index.php\/event\/servo-di-dio-nicola-donofrio-1897-1930\/","startDate":"2020-05-05T00:00:00+02:00","endDate":"2020-05-05T00:00:00+02:00"}}