
{"id":6015,"global_id":"www.diocesidiroma.it\/sanitaria?id=6015","global_id_lineage":["www.diocesidiroma.it\/sanitaria?id=6015"],"author":"1","status":"publish","date":"2023-06-15 12:41:59","date_utc":"2023-06-15 10:41:59","modified":"2023-06-15 12:41:59","modified_utc":"2023-06-15 10:41:59","url":"https:\/\/www.diocesidiroma.it\/sanitaria\/index.php\/event\/chiara-corbella-petrillo-1984-2012-2\/","rest_url":"https:\/\/www.diocesidiroma.it\/sanitaria\/index.php\/wp-json\/tribe\/events\/v1\/events\/6015","title":"Chiara Corbella Petrillo (1984-2012)","description":"<p><span style=\"color: #993300\"><strong>Chiara Corbella Petrillo<\/strong><\/span><br \/>\nChiara Corbella nasce a Roma il 9 gennaio 1984. Insieme alla sorella Elisa, di due anni pi\u00f9 grande, cresce in una famiglia che le insegna ad avvicinarsi alla fede sin da bambina. Grazie alla mamma Maria Anselma, dall\u2019et\u00e0 di cinque anni Chiara frequenta una comunit\u00e0 del Rinnovamento nello Spirito. Questo percorso, in cui impara a rivolgersi a Ges\u00f9 come ad un amico, le insegna soprattutto a condividere la fede con i fratelli in cammino. Col passare degli anni emerge in lei una certa autonomia che la rende molto determinata nelle sue scelte. Il suo \u00e8 un temperamento tranquillo, non ribelle, che ha modo di esprimersi nel servizio agli altri.<\/p>\n<p>Nell\u2019estate del 2002 Chiara si trova in vacanza in Croazia con alcune compagne di liceo. Visto che sua sorella \u00e8 a Medjugorje (in Bosnia ed Erzegovina), pensa di raggiungerla approfittando della vicinanza. Qui il 2 agosto incontra Enrico Petrillo, un ragazzo romano di ventitr\u00e9 anni in pellegrinaggio con la sua comunit\u00e0 di preghiera del Rinnovamento Carismatico. Chiara, che ha diciotto anni e non \u00e8 mai stata fidanzata, ha l\u2019intuizione di trovarsi davanti a suo marito.<\/p>\n<p>Tornati a Roma i due si frequentano, si conoscono, si fidanzano. \u00c8 un rapporto per certi versi ordinario, puntellato da litigi, rotture e pacificazioni. Durante i sei anni del loro fidanzamento il Signore mette a dura prova la fede di Chiara e i valori in cui pensa di credere. Tanto che parler\u00e0 di questo come del periodo pi\u00f9 difficile da lei affrontato, pi\u00f9 duro anche della malattia.<\/p>\n<p>\u00ab<em>Dopo 4 anni il nostro fidanzamento ha cominciato a barcollare fino a che non ci siamo lasciati\u00a0<\/em>\u2013 ha scritto Chiara nei suoi appunti \u2013<em>\u00a0In quei momenti di sofferenza e di ribellione verso il Signore, perch\u00e9 ritenevo non ascoltasse le mie preghiere partecipai ad un Corso Vocazionale ad Assisi e li ritrovai la forza di credere in Lui, provai di nuovo a frequentare Enrico e cominciammo a farci seguire da un padre spirituale, ma il fidanzamento non ha funzionato fin tanto che non ho capito che il Signore non mi stava togliendo niente ma mi stava donando tutto e che solo Lui sapeva con chi io dovevo condividere la mia vita e che forse io ancora non ci avevo capito niente!<\/em>\u00bb.<\/p>\n<p>Superate le paure, Chiara ed Enrico si sposano ad Assisi il 21 settembre 2008. A celebrare le nozze \u00e8 padre Vito, frate minore e guida spirituale di entrambi. Tornati dal viaggio di nozze, Chiara scopre di essere incinta. Le ecografie mostrano per\u00f2 una grave malformazione. Alla bambina, cui verr\u00e0 dato il nome di Maria Grazia Letizia, viene diagnosticata un\u2019anencefalia. Chiara ed Enrico scelgono di portare avanti la gravidanza e la piccola, che nasce il 10 giugno 2009, muore dopo poco pi\u00f9 di mezz\u2019ora. Il funerale, qualche giorno dopo, viene vissuto con la stessa pace che ha accompagnato i mesi di attesa per la nascita e che contagia anche molti dei presenti, ai quali viene data la grazia di sperimentare un pezzo di vita eterna.<\/p>\n<p>Qualche mese dopo Chiara \u00e8 nuovamente incinta. A questo bambino, cui verr\u00e0 dato il nome di Davide Giovanni, viene per\u00f2 diagnosticata una grave malformazione viscerale alle pelvi con assenza degli arti inferiori. Anche lui morir\u00e0 poco dopo essere nato, il 24 giugno 2010. E anche il suo funerale sar\u00e0 vissuto come una festa.<\/p>\n<p>\u00ab<em>Nel matrimonio\u00a0<\/em>\u2013 scrive Chiara nei suoi appunti \u2013<em>\u00a0il Signore ha voluto donarci dei figli speciali: Maria Grazia Letizia e Davide Giovanni, ma ci ha chiesto di accompagnarli soltanto fino alla nascita ci ha permesso di abbracciarli, battezzarli e consegnarli nelle mani del Padre in una serenit\u00e0 e una gioia sconvolgente<\/em>\u00bb.<\/p>\n<p>Fra le patologie dei due bambini non c\u2019\u00e8 legame. A dimostrarlo ci sono gli esiti dei test genetici, a cui Chiara ed Enrico si sottopongono cedendo alle pressioni di amici e parenti; ma c\u2019\u00e8, soprattutto, il fatto che il terzo figlio della coppia, Francesco, \u00e8 completamente sano. La gravidanza arriva poco dopo la nascita al Cielo di Davide Giovanni. Una settimana dopo aver scoperto di essere incinta, Chiara si accorge per\u00f2 di una lesione alla lingua. Col fondato sospetto che si tratti di un tumore, il 16 marzo 2011 Chiara affronta durante la gravidanza la prima delle due fasi di un intervento per asportare la massa sulla lingua. Per la seconda fase, occorrer\u00e0 aspettare che Francesco sia nato. Accertato che si tratta di un carcinoma alla lingua, che chiamer\u00e0\u00a0<em>il drago<\/em>, Chiara sceglie di rimandare le cure per non far male al bambino che porta in grembo. Anzi, sceglie da che medici farsi seguire in base al tempo che le concedono prima di indurre il parto. Aspetta fin quando le \u00e8 possibile aspettare, e anche oltre.<\/p>\n<p>\u00ab<em>Per la maggior parte dei medici\u00a0<\/em>\u2013 scrive Chiara \u2013<em>\u00a0Francesco era solo un feto di sette mesi. E quella che doveva essere salvata ero io. Ma io non avevo nessuna intenzione di mettere a rischio la vita di Francesco per delle statistiche per niente certe che mi volevano dimostrare che dovevo far nascere mio figlio prematuro per potermi operare<\/em>\u00bb.<\/p>\n<p>Francesco Petrillo nasce il 30 maggio 2011. Finalmente il 3 giugno, con lo stesso ricovero del parto, Chiara affronta la seconda fase dell\u2019intervento iniziato a marzo. Tornata casa, non appena le \u00e8 possibile comincia chemioterapia e radioterapia ma il tumore si estender\u00e0 comunque a linfonodi, polmoni, fegato e persino l\u2019occhio destro, che Chiara coprir\u00e0 con una benda per limitare le difficolt\u00e0 visive.<\/p>\n<p>La foto di Chiara sorridente con la benda \u00e8 straordinaria se si considera che \u00e8 stata scattata nell\u2019aprile del 2012: da poco pi\u00f9 di dieci giorni ha scoperto di essere una malata terminale. Nelle settimane che seguono, trascorse insieme a suo marito in disparte e lontano dalla citt\u00e0, nella casa di famiglia vicino al mare, Chiara si prepara all\u2019incontro con lo Sposo. Sostenuti dai sacramenti amministrati quotidianamente da padre Vito, che condivide con loro questo tempo intenso, Chiara ed Enrico sono pi\u00f9 che mai forti della fedelt\u00e0 di Dio, che li ha sempre accompagnati in una misteriosa letizia.<\/p>\n<p>Chiara muore a mezzogiorno del 13 giugno 2012, dopo aver salutato tutti, parenti ed amici, uno a uno. Dopo aver detto a tutti\u00a0<em>Ti voglio bene<\/em>.<\/p>\n<p>Il suo funerale viene celebrato a Roma il 16 giugno 2012 nella chiesa di Santa Francesca Romana all\u2019Ardeatino. Le persone accorse sono moltissime. Il cardinale Agostino Vallini, presente alla celebrazione, dichiara: \u00ab<em>ci\u00f2 che Dio ha preparato attraverso di lei, \u00e8 qualcosa che non possiamo perdere<\/em>\u00bb. Come i funerali dei suoi due figli, anche questa celebrazione diventa cos\u00ec la testimonianza cristiana dell\u2019inizio di una vita nuova.<\/p>\n<p><strong>\u00a0<\/strong><\/p>\n<p><strong>Pensieri<\/strong><\/p>\n<p>\u201cPer quel poco che ho capito in questi anni, posso solo dirti che l\u2019amore \u00e8 il centro della nostra vita, perch\u00e9 nasciamo da un atto di amore, viviamo per amare e per essere amati e moriamo per conoscere l\u2019amore vero di Dio. Lo scopo della nostra vita \u00e8 amare ed essere sempre pronti ad imparare ad amare gli altri, come solo Dio pu\u00f2 insegnarti. L\u2019amore ti consuma, ma \u00e8 bello morire consumati, proprio come una candela che si spegne solo quando ha raggiunto il suo scopo.\u201d (dalla lettera di Chiara a suo figlio Francesco, di un anno)<\/p>\n<p>&nbsp;<\/p>\n<p><strong>Preghiera<\/strong><\/p>\n<p><em>Dio infinitamente buono, che nella tua grande misericordia hai scelto Chiara come tua figlia prediletta e con sapienza l\u2019hai guidata sulla via del Vangelo, insegnandole, attraverso Maria, a custodire tuo Figlio con amore appassionato e a seguirlo quale sposa e madre con fiducia incrollabile sulla via della croce, fa\u2019 che la luce del Vangelo di Cristo, che risplende in Chiara, riaccenda la certezza della vita eterna nell\u2019anima dei nostri fratelli. Per sua intercessione concedici la grazia che ti chiediamo e, se \u00e8 tua volont\u00e0, fa\u2019 che Chiara sia proclamata beata, per il bene nostro e la gloria del tuo Nome. Per Cristo nostro Signore. Amen<\/em><\/p>\n<p>&nbsp;<\/p>","excerpt":"","slug":"chiara-corbella-petrillo-1984-2012-2","image":false,"all_day":false,"start_date":"2020-05-05 00:00:00","start_date_details":{"year":"2020","month":"05","day":"05","hour":"00","minutes":"00","seconds":"00"},"end_date":"2020-05-05 00:00:00","end_date_details":{"year":"2020","month":"05","day":"05","hour":"00","minutes":"00","seconds":"00"},"utc_start_date":"2020-05-04 22:00:00","utc_start_date_details":{"year":"2020","month":"05","day":"04","hour":"22","minutes":"00","seconds":"00"},"utc_end_date":"2020-05-04 22:00:00","utc_end_date_details":{"year":"2020","month":"05","day":"04","hour":"22","minutes":"00","seconds":"00"},"timezone":"Europe\/Rome","timezone_abbr":"CEST","cost":"","cost_details":{"currency_symbol":"","currency_position":"prefix","values":[]},"website":"https:\/\/www.diocesidiroma.it\/sanitaria\/index.php\/mc-events\/chiara-corbella-petrillo-1984-2012-2\/","show_map":false,"show_map_link":false,"hide_from_listings":false,"sticky":false,"featured":false,"categories":[{"name":"Santi della Sanit\u00e0","slug":"santi-della-sanita","term_group":0,"term_taxonomy_id":64,"taxonomy":"tribe_events_cat","description":"","parent":0,"count":426,"filter":"raw","id":64,"urls":{"self":"https:\/\/www.diocesidiroma.it\/sanitaria\/index.php\/wp-json\/tribe\/events\/v1\/categories\/64","collection":"https:\/\/www.diocesidiroma.it\/sanitaria\/index.php\/wp-json\/tribe\/events\/v1\/categories"}}],"tags":[],"venue":[],"organizer":[],"json_ld":{"@context":"http:\/\/schema.org","@type":"Event","name":"Chiara Corbella Petrillo (1984-2012)","description":"&lt;p&gt;Chiara Corbella Petrillo Chiara Corbella nasce a Roma il 9 gennaio 1984. Insieme alla sorella Elisa, di due anni pi\u00f9 grande, cresce in una famiglia che le insegna ad avvicinarsi alla fede sin da bambina. Grazie alla mamma Maria Anselma, dall\u2019et\u00e0 di cinque anni Chiara frequenta una comunit\u00e0 del Rinnovamento nello Spirito. Questo percorso, in [&hellip;]&lt;\/p&gt;\\n","url":"https:\/\/www.diocesidiroma.it\/sanitaria\/index.php\/event\/chiara-corbella-petrillo-1984-2012-2\/","startDate":"2020-05-05T00:00:00+02:00","endDate":"2020-05-05T00:00:00+02:00"}}