
{"id":6034,"global_id":"www.diocesidiroma.it\/sanitaria?id=6034","global_id_lineage":["www.diocesidiroma.it\/sanitaria?id=6034"],"author":"1","status":"publish","date":"2023-06-15 12:42:11","date_utc":"2023-06-15 10:42:11","modified":"2023-06-15 12:42:11","modified_utc":"2023-06-15 10:42:11","url":"https:\/\/www.diocesidiroma.it\/sanitaria\/index.php\/event\/vittorio-trancanelli-1944-1998-10\/","rest_url":"https:\/\/www.diocesidiroma.it\/sanitaria\/index.php\/wp-json\/tribe\/events\/v1\/events\/6034","title":"Vittorio Trancanelli (1944-1998)","description":"<p><strong>Vittorio Trancanelli\u00a0<\/strong><br \/>\nGi\u00e0 lo chiamano \u00abil santo della camera operatoria\u00bb, anche se l\u2019inchiesta diocesana \u00e8 terminata a Perugia il 12 dicembre 2013, e il 27 febbraio 2017 papa Francesco ha autorizzato la promulgazione del decreto che lo dichiarava Venerabile.<\/p>\n<p>Eppure \u00e8 cos\u00ec: il medico Vittorio Trancanelli gode di una solidissima fama di santit\u00e0 e sono tanti quelli che si ispirano alla sua limpida testimonianza di fede. L\u2019arcivescovo emerito di Perugia, monsignor Giuseppe Chiaretti, amava definirlo il \u00absanto laico del nostro tempo\u00bb e per questo ha ritenuto doveroso proporlo alla venerazione e all\u2019imitazione di tutti.<\/p>\n<p>Vittorio nasce a Spello nel 1944 e si trasferisce a Perugia.\u00a0 Si sposa con Lia Sabatini e inizia a lavorare presso l\u2019ospedale di quella citt\u00e0. Il dolore e la sofferenza segnano da subito la sua vita: si ammala gravemente durante la prima gravidanza della moglie e nella concitazione del ricovero e della cura perdono la creatura che lei aveva in grembo.<\/p>\n<p>Nel 1976 la malattia si ripresenta ancora pi\u00f9 virulenta, cinque anni dopo, all\u2019ottavo mese della seconda gravidanza di Lia. Operato d\u2019urgenza per una colite ulcerosa che gi\u00e0 evolve in peritonite, esce dalla sala operatoria con una ileostomia che lo render\u00e0 menomato per tutta la vita, anche se pochissimi saranno a conoscenza di questo suo handicap. Nove giorni dopo nasce Diego, il loro unico figlio naturale.<br \/>\nArchiviato definitivamente il sogno di andare in missione, che a lungo avevano accarezzato durante il loro fidanzamento, Vittorio e la moglie riorganizzano la loro vita alla luce dell\u2019imprevisto che li ha visitati. Lui, in particolare, scopre un vasto campo di missione nell\u2019ospedale in cui gi\u00e0 lavora e di cui diventa un eccellente chirurgo.<\/p>\n<p>\u00c8 soprattutto il rapporto nuovo che riesce ad instaurare con il paziente a colpire e ad interpellare seriamente i colleghi, trascinati dal suo esempio ad umanizzare e addolcire la professione, mettendo il malato al vertice dei loro interessi e della loro attivit\u00e0.<\/p>\n<p>Forse grazie anche alla propria malattia, Vittorio acquista una sensibilit\u00e0 straordinaria verso ogni genere di sofferenza e insieme alla moglie apre la sua casa all\u2019accoglienza. In adozione o in affido arrivano sette figli, ma dalla rete di solidariet\u00e0 creata da altre famiglie amiche attorno a loro, nasce l\u2019associazione \u00abAlle Querce di Mamre\u00bb: cinque famiglie aperte all\u2019accoglienza di donne e bambini in difficolt\u00e0, che come Abramo sanno di accogliere Dio stesso nella persona di chi bussa alla loro porta. L\u2019associazione ha in Vittorio la sua anima, la sua fonte ispiratrice e il suo modello.<\/p>\n<p>Oltre che innamorato della moglie, Vittorio coltiva due passione: per gli Etruschi e per l\u2019ebraismo. Quest\u2019ultimo interesse \u00e8 frutto della sua intuizione che Ges\u00f9 era un ebreo osservante e proprio dall\u2019amore a Ges\u00f9 di Nazareth nasce in lui la sete di conoscere la lingua e le scritture ebraiche, i commenti, la tradizione, le feste. Per questo diventa collaboratore assiduo del centro ecumenico San Martino di Perugia, dove \u00e8 affettuosamente chiamato \u00abil nostro rabbino\u00bb.<\/p>\n<p>Nel 1998 Vittorio si ammala nuovamente e tutti, lui per primo, si accorgono che non c\u2019\u00e8 pi\u00f9 nulla da fare. Muore il 24 giugno<\/p>\n<p>Nel giorno dei funerali, presieduti dal vescovo e partecipati da una folla commossa e numerosa, la sua bara \u00e8 ricoperta dal Tallit, il manto di preghiera degli ebrei, e su di essa vengono deposti un rotolo della Bibbia e la Croce.<\/p>\n<p>I suoi resti, esumati dal cimitero di Cenerente, sono stati traslati nella chiesa parrocchiale del luogo nel 2013. Dal 2 luglio 2017, in attesa del giorno non lontano della sua glorificazione, riposano nella cappella dell\u2019ospedale di Santa Maria della Misericordia a Perugia.<\/p>\n<p><strong>\u00a0<\/strong><\/p>\n<p><strong>Pensieri<\/strong><\/p>\n<p>\u00ab\u00c8 vero che l&#8217;accoglienza non sempre \u00e8 facile, a volte \u00e8 faticosa, ma il Signore ci dice: \u201c&#8217;Se io, il Signore e il Maestro, ho lavato i vostri piedi anche voi dovete lavarvi i piedi gli uni e gli altri&#8230;\u201d\u00bb.<\/p>\n<p>Prima di morire afferma: \u00abPer questo vale la pena vivere; anche se fossi diventato chiss\u00e0 chi, se avessi avuto i soldi in banca, avessi comprato tante case, cosa avrei portato con me adesso? Cosa portavo davanti a Dio? Adesso porto l\u2019amore che abbiamo dato a queste persone\u00bb.<\/p>\n<p>&nbsp;<\/p>\n<p><strong>Preghiera<\/strong><\/p>\n<p>Ti prego, Signore: ho bisogno del tuo aiuto per la mia situazione\u2026 Vieni in mio soccorso per la intercessione di Vittorio, che ti ha riconosciuto nei poveri come Abramo ti riconobbe negli angeli a Mamre. Gloria a Dio, Trinit\u00e0 Santissima<\/p>","excerpt":"","slug":"vittorio-trancanelli-1944-1998-10","image":false,"all_day":false,"start_date":"2020-05-05 00:00:00","start_date_details":{"year":"2020","month":"05","day":"05","hour":"00","minutes":"00","seconds":"00"},"end_date":"2020-05-05 00:00:00","end_date_details":{"year":"2020","month":"05","day":"05","hour":"00","minutes":"00","seconds":"00"},"utc_start_date":"2020-05-04 22:00:00","utc_start_date_details":{"year":"2020","month":"05","day":"04","hour":"22","minutes":"00","seconds":"00"},"utc_end_date":"2020-05-04 22:00:00","utc_end_date_details":{"year":"2020","month":"05","day":"04","hour":"22","minutes":"00","seconds":"00"},"timezone":"Europe\/Rome","timezone_abbr":"CEST","cost":"","cost_details":{"currency_symbol":"","currency_position":"prefix","values":[]},"website":"https:\/\/www.diocesidiroma.it\/sanitaria\/index.php\/mc-events\/vittorio-trancanelli-1944-1998-10\/","show_map":false,"show_map_link":false,"hide_from_listings":false,"sticky":false,"featured":false,"categories":[{"name":"Santi della Sanit\u00e0","slug":"santi-della-sanita","term_group":0,"term_taxonomy_id":64,"taxonomy":"tribe_events_cat","description":"","parent":0,"count":426,"filter":"raw","id":64,"urls":{"self":"https:\/\/www.diocesidiroma.it\/sanitaria\/index.php\/wp-json\/tribe\/events\/v1\/categories\/64","collection":"https:\/\/www.diocesidiroma.it\/sanitaria\/index.php\/wp-json\/tribe\/events\/v1\/categories"}}],"tags":[],"venue":[],"organizer":[],"json_ld":{"@context":"http:\/\/schema.org","@type":"Event","name":"Vittorio Trancanelli (1944-1998)","description":"&lt;p&gt;Vittorio Trancanelli\u00a0 Gi\u00e0 lo chiamano \u00abil santo della camera operatoria\u00bb, anche se l\u2019inchiesta diocesana \u00e8 terminata a Perugia il 12 dicembre 2013, e il 27 febbraio 2017 papa Francesco ha autorizzato la promulgazione del decreto che lo dichiarava Venerabile. Eppure \u00e8 cos\u00ec: il medico Vittorio Trancanelli gode di una solidissima fama di santit\u00e0 e sono [&hellip;]&lt;\/p&gt;\\n","url":"https:\/\/www.diocesidiroma.it\/sanitaria\/index.php\/event\/vittorio-trancanelli-1944-1998-10\/","startDate":"2020-05-05T00:00:00+02:00","endDate":"2020-05-05T00:00:00+02:00"}}