
{"id":6125,"global_id":"www.diocesidiroma.it\/sanitaria?id=6125","global_id_lineage":["www.diocesidiroma.it\/sanitaria?id=6125"],"author":"1","status":"publish","date":"2023-06-15 12:43:13","date_utc":"2023-06-15 10:43:13","modified":"2023-06-15 12:43:13","modified_utc":"2023-06-15 10:43:13","url":"https:\/\/www.diocesidiroma.it\/sanitaria\/index.php\/event\/san-benedetto-menni-1841-1914-2\/","rest_url":"https:\/\/www.diocesidiroma.it\/sanitaria\/index.php\/wp-json\/tribe\/events\/v1\/events\/6125","title":"San Benedetto Menni (1841-1914)","description":"<p><span style=\"color: #993300\"><strong>San Benedetto Menni<\/strong><\/span><br \/>\nL&#8217;11 marzo del 1841 Angelo Ercole Menni nacque a Milano dal matrimonio di Luigi e Luisa Figini. Quinto di 15 fratelli, Il padre gestiva un modesto negozio, e grazie alle entrate di quest&#8217;attivit\u00e0 la famiglia aveva il necessario per sfuggire alla miseria pur senza scialare; famiglia di cristiani all\u2019antica, nella quale si recitava il Rosario ogni sera, si aiutava i poveri e si frequentava i sacramenti.<\/p>\n<p>A 17 anni dopo un breve periodo di lavoro in banca, matura la decisione di donare la sua vita a Dio nell\u2019esercizio della carit\u00e0. Diventa barelliere per trasportare i feriti che arrivano dal fronte di Magenta a Milano in treni speciali, dozzine di corpi straziati di combattenti, sono trasportati dalla stazione ferroviaria all\u2019ospedale dei Fatebenefratelli. La conoscenza dei Fatebenefratelli \u00e8 decisiva nella sua vita, arriva, infatti, il momento di chiedere l&#8217;ingresso al noviziato.<\/p>\n<p>Il 1\u00b0 maggio 1860 entra nel noviziato dell&#8217;ospedale di Santa Maria d\u2019Araceli a Milano, qualche giorno dopo riceve l&#8217;abito e cambia il suo nome in Benedetto, dopo un anno emette i voti semplici e dopo tre emette la professione solenne.<\/p>\n<p>Frequenta gli studi filosofici e teologici prima nel Seminario di Lodi e poi nel Collegio Romano (Pontificia Universit\u00e0 Gregoriana di Roma), \u00e8 ordinato sacerdote nel 1866.<\/p>\n<p>Il Generale dei Fatebenefratelli, P. Giovanni Maria Alfieri, si rese subito conto che aveva a portata di mano la persona che gli occorreva per un&#8217;impresa quanto mai impegnativa: restaurare in Spagna l&#8217;Ordine dei Fatebenefratelli.<\/p>\n<p>Il 14 gennaio 1867 il giovane frate a 26 anni \u00e8 ricevuto in udienza dal Papa Pio IX, che lo invia in Spagna per la restaurazione dell&#8217;Ordine dei Fatebenefratelli. Part\u00ec due giorni dopo.<\/p>\n<p>All&#8217;inizio non fu certo facile, oltre alla difficile situazione politica, in Spagna erano stati soppressi tutti gli ordini religiosi, Benedetto trov\u00f2 degli ostacoli anche all&#8217;interno della chiesa, primo fra tutti il vescovo di Barcellona, ma non si scoraggi\u00f2 ed inizi\u00f2 la sua attivit\u00e0 cercando risorse per costruire un ospedale pediatrico, che dopo qualche mese fu benedetto proprio dal vescovo che lo aveva ostacolato.<\/p>\n<p>Benedetto continu\u00f2 la sua opera non senza rischi per la propria vita, fu espulso pi\u00f9 volte dalla Spagna, ma puntualmente vi faceva ritorno da clandestino, una volta rientrando da Gibilterra dopo essere stato anche in Marocco.<\/p>\n<p>Fu infaticabile infermiere insieme ai suoi confratelli durante la guerra civile.<\/p>\n<p>Benedetto Menni fu nominato Provinciale della provincia della Spagna e rimase in carica per ben 19 anni consecutivi. Nel 1903, quando cess\u00f2 il suo incarico da Provinciale, l&#8217;Ordine contava in Spagna, Portogallo e Messico complessivamente quindici case fondate da lui: quattro ospedali ortopedici per bambini; sei ospedali psichiatrici per uomini; una colonia agricola per l\u2019ergoterapia dei malati mentali dell\u2019ospedale di Ciempozuelos; un ospedale per epilettici; un gerontocomio; una residenza funzionante come casa di riposo per sacerdoti e come scuola per bambini poveri; e un collegio per orfani poveri. Alla restaurazione dell&#8217;Ordine in Spagna segu\u00ec anche, alla fine del secolo XIX la restaurazione dello stesso Ordine in Portogallo e, all&#8217;inizio del XX secolo, in Messico.<\/p>\n<p>Il 31 maggio del 1881 fond\u00f2 la Congregazione delle Suore Ospedaliere del Sacro Cuore di Ges\u00f9, Istituto Religioso femminile specializzato nell&#8217;assistenza psichiatrica.<\/p>\n<p>Nel 1905 partecipa a Roma, ad un Capitolo Generale dell\u2019Ordine. Ritornato in Spagna, \u00e8 richiamato dalla Santa Sede che lo nomina Visitatore Apostolico dei Fatebenefratelli (1909): iniziano viaggi, lettere e visite personali alle diverse Province, nella delicata missione di ravvivare lo spirito e l\u2019osservanza religiosa. Finito questo compito, il Papa San Pio X nel 1911 lo nomina Generale dell\u2019Ordine.<br \/>\nFu accusato di violenze verso una povera demente, conosciuto come il &#8220;caso Semillan&#8221;, davanti al Tribunale Penale di Madrid. Si prolung\u00f2 per sette anni (1895-1902) con morbosit\u00e0 scandalosa, fomentata dai giornali anticlericali. Non volle mai un avvocato difensore (l\u2019accett\u00f2 soltanto su richiesta del Vescovo di Madrid), nel gennaio 1902 si concluse con la piena condanna dei calunniatori da parte del Tribunale di Madrid; ancora peggiore fu la campagna di calunnie, davanti al tribunale vaticano del Sant&#8217;Uffizio, trascinatasi per circa tre anni, fin quando nell&#8217;aprile 1896 fu comunicata ufficialmente la sentenza che non si doveva tenere &#8220;conto alcuno&#8221; delle accuse.<\/p>\n<p>Accusato e accerchiato, all\u2019interno dell\u2019Ordine, da un piccolo gruppo di avversari, influenti ed intriganti, ancora una volta non volle difendersi, ma prefer\u00ec presentare le dimissioni da Superiore Generale, dopo poco pi\u00f9 di un anno dalla nomina: era il 20 giugno 1912.<\/p>\n<p>Era a Parigi quando soffr\u00ec un attacco di paresi; non ricuperato perfettamente, il 19 aprile 1913 si trasfer\u00ec a Dinan, una casa dell\u2019Ordine nel nord della Francia, dove muore la mattina del 24 aprile 1914.<br \/>\nIl processo di beatificazione inizi\u00f2 nel 1964, l\u2019eroicit\u00e0 delle sue virt\u00f9 fu dichiarata l\u201911 maggio 1982, riconosciuta come miracolosa, per intercessione di Benedetto Menni, la guarigione della signora Assunta Cacho, il papa Giovanni Paolo II lo ha dichiarato beato il 23 giugno 1985. Un nuovo miracolo, la guarigione di una religiosa Ospedaliera (Suor Maria Nicoletta V\u00e9laz) affetta da un cancro invasivo della vescica, apre la strada alla canonizzazione officiata sempre da papa Giovanni Paolo II il 21 novembre 1999.<\/p>\n<p>I suoi resti riposano nella Casa Madre di Ciempozuelos.<\/p>\n<p>&nbsp;<\/p>\n<p>&nbsp;<\/p>\n<p>&nbsp;<\/p>\n<p><strong>Omelia di Giovanni Paolo II per la canonizzazione <\/strong><\/p>\n<p>&nbsp;<\/p>\n<p>&#8220;<em>Vieni, benedetto da mio Padre; eredita il Regno preparato per te dalla creazione del mondo, &#8230; perch\u00e9 ero malato e mi hai visitato<\/em>&#8221; (Mt 25, 34.36). Queste parole del Vangelo proclamate oggi saranno senza dubbio familiari a Benito Menni, sacerdote dell&#8217;Ordine di San Giovanni di Dio. La sua dedizione ai malati, vissuta secondo il carisma dell&#8217;ospedale, ha guidato la sua esistenza.<\/p>\n<p>La sua spiritualit\u00e0 nasce dalla sua esperienza dell&#8217;amore che Dio ha per lui. Il grande devoto del Cuore di Ges\u00f9, re del cielo e della terra, e della Vergine Maria, trova in loro la forza della sua dedica caritatevole agli altri, specialmente a coloro che soffrono: gli anziani, i bambini scrofolosi e polio e i malati di mente. Il suo servizio all&#8217;Ordine e alla societ\u00e0 ha svolto con umilt\u00e0 l&#8217;ospitalit\u00e0, con un&#8217;integrit\u00e0 impeccabile che lo rende un modello per molti. Promosse varie iniziative guidando alcune giovani donne che avrebbero formato il primo nucleo del nuovo istituto religioso, fondando a Ciempozuelos (Madrid) le Suore dell&#8217;Ospedale del Sacro Cuore di Ges\u00f9. Il suo spirito di preghiera lo ha portato ad approfondire il mistero pasquale di Cristo, una fonte di comprensione della sofferenza umana e un percorso verso la risurrezione. In questo giorno di Cristo Re, San Benedetto Menni illumina con l&#8217;esempio della sua vita coloro che vogliono seguire le orme del Maestro lungo i sentieri dell&#8217;accoglienza e dell&#8217;ospitalit\u00e0.<\/p>\n<p>&nbsp;<\/p>","excerpt":"","slug":"san-benedetto-menni-1841-1914-2","image":false,"all_day":false,"start_date":"2020-05-27 00:00:00","start_date_details":{"year":"2020","month":"05","day":"27","hour":"00","minutes":"00","seconds":"00"},"end_date":"2020-05-27 00:00:00","end_date_details":{"year":"2020","month":"05","day":"27","hour":"00","minutes":"00","seconds":"00"},"utc_start_date":"2020-05-26 22:00:00","utc_start_date_details":{"year":"2020","month":"05","day":"26","hour":"22","minutes":"00","seconds":"00"},"utc_end_date":"2020-05-26 22:00:00","utc_end_date_details":{"year":"2020","month":"05","day":"26","hour":"22","minutes":"00","seconds":"00"},"timezone":"Europe\/Rome","timezone_abbr":"CEST","cost":"","cost_details":{"currency_symbol":"","currency_position":"prefix","values":[]},"website":"https:\/\/www.diocesidiroma.it\/sanitaria\/index.php\/mc-events\/san-benedetto-menni-1841-1914-2\/","show_map":false,"show_map_link":false,"hide_from_listings":false,"sticky":false,"featured":false,"categories":[{"name":"Santi della Sanit\u00e0","slug":"santi-della-sanita","term_group":0,"term_taxonomy_id":64,"taxonomy":"tribe_events_cat","description":"","parent":0,"count":426,"filter":"raw","id":64,"urls":{"self":"https:\/\/www.diocesidiroma.it\/sanitaria\/index.php\/wp-json\/tribe\/events\/v1\/categories\/64","collection":"https:\/\/www.diocesidiroma.it\/sanitaria\/index.php\/wp-json\/tribe\/events\/v1\/categories"}}],"tags":[],"venue":[],"organizer":[],"json_ld":{"@context":"http:\/\/schema.org","@type":"Event","name":"San Benedetto Menni (1841-1914)","description":"&lt;p&gt;San Benedetto Menni L\\'11 marzo del 1841 Angelo Ercole Menni nacque a Milano dal matrimonio di Luigi e Luisa Figini. Quinto di 15 fratelli, Il padre gestiva un modesto negozio, e grazie alle entrate di quest\\'attivit\u00e0 la famiglia aveva il necessario per sfuggire alla miseria pur senza scialare; famiglia di cristiani all\u2019antica, nella quale si [&hellip;]&lt;\/p&gt;\\n","url":"https:\/\/www.diocesidiroma.it\/sanitaria\/index.php\/event\/san-benedetto-menni-1841-1914-2\/","startDate":"2020-05-27T00:00:00+02:00","endDate":"2020-05-27T00:00:00+02:00"}}