
{"id":1248,"date":"2018-10-01T10:45:47","date_gmt":"2018-10-01T08:45:47","guid":{"rendered":"https:\/\/www.diocesidiroma.it\/sanitaria\/?p=1248"},"modified":"2018-10-01T10:50:37","modified_gmt":"2018-10-01T08:50:37","slug":"ottobre-intenzioni-mensili-di-preghiera","status":"publish","type":"post","link":"https:\/\/www.diocesidiroma.it\/sanitaria\/index.php\/ottobre-intenzioni-mensili-di-preghiera\/","title":{"rendered":"Ottobre: intenzioni mensili di preghiera"},"content":{"rendered":"<p><strong><span style=\"color: #993300;\">Intenzioni di preghiera del mese di Ottobre<\/span><\/strong><\/p>\n<p>&nbsp;<\/p>\n<p><strong><span style=\"color: #993300;\">Per i vescovi e i tutti i membri convocati a Roma per il Sinodo, dal 3 al 28 ottobre, che rifletter\u00e0 sul tema: <em>I Giovani, la fede e il discernimento vocazionale<\/em>. Lo Spirito doni loro luce e sapienza perch\u00e9 quanto emerger\u00e0 dalle riflessioni aiuti la Chiesa tutta a lasciarsi ringiovanire.<\/span><\/strong><\/p>\n<p><strong><span style=\"color: #993300;\">Per tutti i popoli che ancor non conoscono il Vangelo. L\u2019offerta silenziosa di quanti vivono il tempo della malattia susciti cuori generosi a spendersi per l\u2019annuncio del Signore.<\/span><\/strong><\/p>\n<p>&nbsp;<\/p>\n<p><strong><span style=\"color: #993300;\">Per tutta la Chiesa che \u00e8 in Roma. Riscopra la sua responsabilit\u00e0 di essere \u201csale e luce\u201d in ogni ambito nella quale vive e opera impegnandosi in un cammino di riconciliazione.<\/span><\/strong><\/p>\n<p>&nbsp;<\/p>\n<p><strong><span style=\"color: #993300;\">Per tutti i medici e gli operatori socio-sanitari. Sappiano, sempre e comunque, mettere al centro della loro attivit\u00e0 professionale la persona del malato come bene prezioso.<\/span><\/strong><\/p>\n<p>&nbsp;<\/p>\n","protected":false},"excerpt":{"rendered":"Intenzioni di preghiera del mese di Ottobre &nbsp; Per i vescovi e i tutti i membri convocati a Roma per il Sinodo, dal 3 al 28 ottobre, che rifletter\u00e0 sul tema: I Giovani, la fede e il discernimento vocazionale. Lo Spirito doni loro luce e sapienza perch\u00e9 quanto emerger\u00e0 dalle riflessioni aiuti la Chiesa tutta [&hellip;]","protected":false},"author":2,"featured_media":1249,"comment_status":"closed","ping_status":"closed","sticky":false,"template":"","format":"standard","meta":{"footnotes":""},"categories":[13,43],"tags":[],"class_list":["post-1248","post","type-post","status-publish","format-standard","has-post-thumbnail","hentry","category-evidenza","category-intenzione"],"_links":{"self":[{"href":"https:\/\/www.diocesidiroma.it\/sanitaria\/index.php\/wp-json\/wp\/v2\/posts\/1248","targetHints":{"allow":["GET"]}}],"collection":[{"href":"https:\/\/www.diocesidiroma.it\/sanitaria\/index.php\/wp-json\/wp\/v2\/posts"}],"about":[{"href":"https:\/\/www.diocesidiroma.it\/sanitaria\/index.php\/wp-json\/wp\/v2\/types\/post"}],"author":[{"embeddable":true,"href":"https:\/\/www.diocesidiroma.it\/sanitaria\/index.php\/wp-json\/wp\/v2\/users\/2"}],"replies":[{"embeddable":true,"href":"https:\/\/www.diocesidiroma.it\/sanitaria\/index.php\/wp-json\/wp\/v2\/comments?post=1248"}],"version-history":[{"count":3,"href":"https:\/\/www.diocesidiroma.it\/sanitaria\/index.php\/wp-json\/wp\/v2\/posts\/1248\/revisions"}],"predecessor-version":[{"id":1252,"href":"https:\/\/www.diocesidiroma.it\/sanitaria\/index.php\/wp-json\/wp\/v2\/posts\/1248\/revisions\/1252"}],"wp:featuredmedia":[{"embeddable":true,"href":"https:\/\/www.diocesidiroma.it\/sanitaria\/index.php\/wp-json\/wp\/v2\/media\/1249"}],"wp:attachment":[{"href":"https:\/\/www.diocesidiroma.it\/sanitaria\/index.php\/wp-json\/wp\/v2\/media?parent=1248"}],"wp:term":[{"taxonomy":"category","embeddable":true,"href":"https:\/\/www.diocesidiroma.it\/sanitaria\/index.php\/wp-json\/wp\/v2\/categories?post=1248"},{"taxonomy":"post_tag","embeddable":true,"href":"https:\/\/www.diocesidiroma.it\/sanitaria\/index.php\/wp-json\/wp\/v2\/tags?post=1248"}],"curies":[{"name":"wp","href":"https:\/\/api.w.org\/{rel}","templated":true}]}}