
{"id":1444,"date":"2018-10-24T09:28:20","date_gmt":"2018-10-24T07:28:20","guid":{"rendered":"https:\/\/www.diocesidiroma.it\/sanitaria\/?p=1444"},"modified":"2018-11-02T10:26:12","modified_gmt":"2018-11-02T09:26:12","slug":"1444-2","status":"publish","type":"post","link":"https:\/\/www.diocesidiroma.it\/sanitaria\/index.php\/1444-2\/","title":{"rendered":"24 Ottobre San Luigi Guanella"},"content":{"rendered":"<div id=\"fullwidth\">\n<div id=\"btmdesign\">\n<div class=\"main_wrap\">\n<div class=\"content\">\n<div class=\"contentwrap\">\n<div class=\"right_three\">\n<div id=\"TabbedPanels1\" class=\"TabbedPanels\">\n<div class=\"TabbedPanelsContentGroup\">\n<div class=\"TabbedPanelsContent TabbedPanelsContentVisible\">\n<div id=\"Accordion2\" class=\"Accordion\" tabindex=\"0\">\n<div class=\"AccordionPanel AccordionPanelOpen\">\n<div><img loading=\"lazy\" decoding=\"async\" class=\"alignnone size-medium wp-image-1447\" src=\"https:\/\/www.diocesidiroma.it\/sanitaria\/wp-content\/uploads\/2018\/10\/Guanella-pagXI-131x300.jpg\" alt=\"\" width=\"131\" height=\"300\" srcset=\"https:\/\/www.diocesidiroma.it\/sanitaria\/wp-content\/uploads\/2018\/10\/Guanella-pagXI-131x300.jpg 131w, https:\/\/www.diocesidiroma.it\/sanitaria\/wp-content\/uploads\/2018\/10\/Guanella-pagXI-448x1024.jpg 448w, https:\/\/www.diocesidiroma.it\/sanitaria\/wp-content\/uploads\/2018\/10\/Guanella-pagXI-600x1371.jpg 600w, https:\/\/www.diocesidiroma.it\/sanitaria\/wp-content\/uploads\/2018\/10\/Guanella-pagXI.jpg 606w\" sizes=\"auto, (max-width: 131px) 100vw, 131px\" \/><\/div>\n<div><\/div>\n<div class=\"AccordionPanelContent\">La testimonianza umana e spirituale di san Luigi Guanella \u00e8 per tutta la Chiesa un particolare dono di grazia. Durante la sua esistenza terrena egli ha vissuto con coraggio e determinazione il Vangelo della Carit\u00e0, il \u201cgrande comandamento\u201d che anche oggi la Parola di Dio ci ha richiamato. Grazie alla profonda e continua unione con Cristo, nella contemplazione del suo amore, Don Guanella, guidato dalla Provvidenza divina, \u00e8 diventato compagno e maestro, conforto e sollievo dei pi\u00f9 poveri e dei pi\u00f9 deboli. L\u2019amore di Dio animava in lui il desiderio del bene per le persone che gli erano affidate, nella concretezza del vivere quotidiano. Premurosa attenzione poneva al cammino di ognuno, rispettandone i tempi di crescita e coltivando nel cuore la speranza che ogni essere umano, creato ad immagine e somiglianza di Dio, gustando la gioia di essere amato da Lui &#8211; Padre di tutti -, pu\u00f2 trarre e donare agli altri il meglio di s\u00e9. Vogliamo oggi lodare e ringraziare il Signore perch\u00e9 in san Luigi Guanella ci ha dato un profeta e un apostolo della carit\u00e0. Nella sua testimonianza, cos\u00ec carica di umanit\u00e0 e di attenzione agli ultimi, riconosciamo un segno luminoso della presenza e dell\u2019azione benefica di Dio: il Dio &#8211; come \u00e8 risuonato nella prima Lettura &#8211; che difende il forestiero, la vedova, l\u2019orfano, il povero che deve dare a pegno il proprio mantello, la sola coperta che ha per coprirsi di notte (cfr Es 22,20-26). Questo nuovo Santo della carit\u00e0 sia per tutti, in particolare per i membri delle Congregazioni da lui fondate, modello di profonda e feconda sintesi tra contemplazione e azione, cos\u00ec come egli stesso l\u2019ha vissuta e messa in atto. Tutta la sua vicenda umana e spirituale la possiamo sintetizzare nelle ultime parole che pronunci\u00f2 sul letto di morte: <em>\u201cin caritate Christi\u201d<\/em>. E\u2019 l\u2019amore di Cristo che illumina la vita di ogni uomo, rivelando come nel dono di s\u00e9 all\u2019 altro non si perde nulla, ma si realizza pienamente la nostra vera felicit\u00e0. San Luigi Guanella ci ottenga di crescere nell\u2019 amicizia con il Signore per essere nel nostro tempo portatori della pienezza dell\u2019amore di Dio, per promuovere la vita in ogni sua manifestazione e condizione, e far s\u00ec che la societ\u00e0 umana diventi sempre pi\u00f9 la famiglia dei figli di Dio (Omelia di Benedetto XVI, 23 Ottobre 2011).<\/div>\n<\/div>\n<\/div>\n<\/div>\n<\/div>\n<\/div>\n<\/div>\n<\/div>\n<\/div>\n<\/div>\n<\/div>\n<\/div>\n","protected":false},"excerpt":{"rendered":"La testimonianza umana e spirituale di san Luigi Guanella \u00e8 per tutta la Chiesa un particolare dono di grazia. Durante la sua esistenza terrena egli ha vissuto con coraggio e determinazione il Vangelo della Carit\u00e0, il \u201cgrande comandamento\u201d che anche oggi la Parola di Dio ci ha richiamato. Grazie alla profonda e continua unione con [&hellip;]","protected":false},"author":2,"featured_media":1448,"comment_status":"closed","ping_status":"closed","sticky":false,"template":"","format":"standard","meta":{"footnotes":""},"categories":[11],"tags":[],"class_list":["post-1444","post","type-post","status-publish","format-standard","has-post-thumbnail","hentry","category-santo"],"_links":{"self":[{"href":"https:\/\/www.diocesidiroma.it\/sanitaria\/index.php\/wp-json\/wp\/v2\/posts\/1444","targetHints":{"allow":["GET"]}}],"collection":[{"href":"https:\/\/www.diocesidiroma.it\/sanitaria\/index.php\/wp-json\/wp\/v2\/posts"}],"about":[{"href":"https:\/\/www.diocesidiroma.it\/sanitaria\/index.php\/wp-json\/wp\/v2\/types\/post"}],"author":[{"embeddable":true,"href":"https:\/\/www.diocesidiroma.it\/sanitaria\/index.php\/wp-json\/wp\/v2\/users\/2"}],"replies":[{"embeddable":true,"href":"https:\/\/www.diocesidiroma.it\/sanitaria\/index.php\/wp-json\/wp\/v2\/comments?post=1444"}],"version-history":[{"count":2,"href":"https:\/\/www.diocesidiroma.it\/sanitaria\/index.php\/wp-json\/wp\/v2\/posts\/1444\/revisions"}],"predecessor-version":[{"id":1451,"href":"https:\/\/www.diocesidiroma.it\/sanitaria\/index.php\/wp-json\/wp\/v2\/posts\/1444\/revisions\/1451"}],"wp:featuredmedia":[{"embeddable":true,"href":"https:\/\/www.diocesidiroma.it\/sanitaria\/index.php\/wp-json\/wp\/v2\/media\/1448"}],"wp:attachment":[{"href":"https:\/\/www.diocesidiroma.it\/sanitaria\/index.php\/wp-json\/wp\/v2\/media?parent=1444"}],"wp:term":[{"taxonomy":"category","embeddable":true,"href":"https:\/\/www.diocesidiroma.it\/sanitaria\/index.php\/wp-json\/wp\/v2\/categories?post=1444"},{"taxonomy":"post_tag","embeddable":true,"href":"https:\/\/www.diocesidiroma.it\/sanitaria\/index.php\/wp-json\/wp\/v2\/tags?post=1444"}],"curies":[{"name":"wp","href":"https:\/\/api.w.org\/{rel}","templated":true}]}}