
{"id":2010,"date":"2019-02-07T09:57:08","date_gmt":"2019-02-07T08:57:08","guid":{"rendered":"https:\/\/www.diocesidiroma.it\/sanitaria\/?p=2010"},"modified":"2019-02-07T09:58:11","modified_gmt":"2019-02-07T08:58:11","slug":"giornata-mondiale-del-malato-al-policlinico-universitario-a-gemelli-irccs","status":"publish","type":"post","link":"https:\/\/www.diocesidiroma.it\/sanitaria\/index.php\/giornata-mondiale-del-malato-al-policlinico-universitario-a-gemelli-irccs\/","title":{"rendered":"Giornata Mondiale del Malato, al Policlinico Universitario A. Gemelli IRCCS"},"content":{"rendered":"<table border=\"0\" width=\"100%\" cellspacing=\"0\" cellpadding=\"8\">\n<tbody>\n<tr>\n<td class=\"tab_riga_blu_giu\" rowspan=\"2\"><\/td>\n<td valign=\"top\"><img loading=\"lazy\" decoding=\"async\" src=\"http:\/\/www.policlinicogemelli.it\/img\/logo_news_sito.jpg\" width=\"278\" height=\"100\" \/><\/td>\n<\/tr>\n<tr>\n<td class=\"testo14\" colspan=\"3\">\n<div align=\"left\"><\/div>\n<div align=\"left\"><\/div>\n<div class=\"testo_big Stile1\" align=\"left\">Giornata Mondiale del Malato, al Policlinico Universitario A. Gemelli IRCCS un itinerario spirituale e culturale sui temi della vita e della cura. Luned\u00ec 11 febbraio tavola rotonda con riflessioni e testimonianze<\/div>\n<\/td>\n<\/tr>\n<tr>\n<td class=\"testo14\" colspan=\"3\">\n<div align=\"left\">Il Centro Pastorale dell\u2019Universit\u00e0 Cattolica e la Cappellania ospedaliera promuovono una serie di incontri di riflessione, preghiera, cultura e testimonianza. Domenica 3 febbraio ore 17.00 la celebrazione eucaristica presieduta da S. E. Mons. Paolo Ricciardi. Luned\u00ec 11 febbraio ore 17.00 la celebrazione eucaristica presieduta da S. E. Mons. Claudio Giuliodori.<\/div>\n<\/td>\n<\/tr>\n<tr>\n<td class=\"testo14\" colspan=\"3\">\n<div align=\"left\">\n<p><strong>Un itinerario spirituale e culturale, promosso dal Centro Pastorale dell\u2019Universit\u00e0 Cattolica e dalla Cappellania ospedaliera, che nel corso dei giorni riunir\u00e0 i malati, le famiglie, i visitatori e tutta la comunit\u00e0 di medici, personale e studenti attorno ai temi della vita e della persona malata: questa l\u2019iniziativa che avr\u00e0 inizio domenica 3 febbraio, 42ma Giornata Nazionale per la vita, alle ore 15.30 con l\u2019incontro \u201cL\u2019abbraccio alla vita fragile genera futuro &#8211; Testimonianze sulla vita nascente e sull\u2019anzianit\u00e0\u201d, nella Hall della Fondazione Policlinico Universitario Agostino Gemelli IRCCS, per concludersi luned\u00ec 11 febbraio, 27ma Giornata Mondiale del malato.<\/strong><\/p>\n<p>A conclusione della prima giornata, <strong>alle ore 17.00 nella Hall del Policlinico<\/strong>, si terr\u00e0 la <strong>Celebrazione Eucaristica<\/strong>, presieduta da<strong> S. E. Mons. Paolo Ricciardi<\/strong>, Vescovo Ausiliare Delegato per la Pastorale Sanitaria della Diocesi di Roma.<\/p>\n<p><strong>Marted\u00ec 5 febbraio, alle ore 16.00 presso la sala Medicinema <\/strong>(piano 8\u00b0, ala A del Policlinico) si terr\u00e0 un Cineforum con la proiezione del film \u201cPassione di Bernadette\u201d.<\/p>\n<p><strong>Mercoled\u00ec 6 febbraio alle ore 18.00 presso la Cappella \u201cSan Giuseppe Moscati\u201d (<\/strong>3\u00b0 piano Policlinico) le Associazioni di Volontariato che operano all\u2019interno dei reparti dell\u2019ospedale animeranno un <strong>Incontro di preghiera e di riflessione<\/strong>.<\/p>\n<p><strong>Sabato 9 febbraio alle ore 17.00 nella Cappella \u201cSan Giovanni Paolo II\u201d <\/strong>(2\u00b0 piano Policlinico) sar\u00e0 celebrata la <strong>Santa Messa con il rito dell\u2019Unzione degli Infermi.<\/strong><\/p>\n<p><strong>Domenica 10 febbraio <\/strong>la comunit\u00e0 universitaria e ospedaliera parteciper\u00e0 alla <strong>Celebrazione Diocesana del malato<\/strong>, presso il Santuario del Divino Amore a Roma.<\/p>\n<p>L\u2019itinerario spirituale e di riflessione culminer\u00e0 nella giornata di <strong>luned\u00ec 11 febbraio: alle ore 15.30<\/strong>, nella Hall della Fondazione Policlinico Universitario Agostino Gemelli IRCCS, si terr\u00e0 la <strong>Presentazione del Messaggio del Santo Padre per la XXVII Giornata Mondiale del Malato<\/strong> con l\u2019intervento di <strong>S. E. Mons. Claudio Giuliodori<\/strong>, Assistente Ecclesiastico generale dell\u2019Universit\u00e0 Cattolica. A seguire si svolger\u00e0 la <strong>Tavola rotonda \u201cMemoria e gratuit\u00e0 nella storia del Policlinico\u201d<\/strong>, moderata da <strong>Don Francesco Dell\u2019Orco<\/strong>, Assistente Pastorale dell\u2019Universit\u00e0 Cattolica, con testimonianze di professori, medici, volontari, Cappellani e Suore di Maria Bambina sull\u2019assistenza alla persona malata nel corso della storia del Policlinico Gemelli.<\/p>\n<p>La giornata si concluder\u00e0 alle <strong>ore 17.00 nella Hall del Policlinico<\/strong> con la Celebrazione Eucaristica presieduta da <strong>S. E. Mons. Claudio Giuliodori<\/strong>.<\/p>\n<\/div>\n<\/td>\n<\/tr>\n<\/tbody>\n<\/table>\n","protected":false},"excerpt":{"rendered":"Giornata Mondiale del Malato, al Policlinico Universitario A. Gemelli IRCCS un itinerario spirituale e culturale sui temi della vita e della cura. Luned\u00ec 11 febbraio tavola rotonda con riflessioni e testimonianze Il Centro Pastorale dell\u2019Universit\u00e0 Cattolica e la Cappellania ospedaliera promuovono una serie di incontri di riflessione, preghiera, cultura e testimonianza. Domenica 3 febbraio ore [&hellip;]","protected":false},"author":2,"featured_media":1804,"comment_status":"closed","ping_status":"closed","sticky":false,"template":"","format":"standard","meta":{"footnotes":""},"categories":[13,35],"tags":[],"class_list":["post-2010","post","type-post","status-publish","format-standard","has-post-thumbnail","hentry","category-evidenza","category-iniziative_esterne"],"_links":{"self":[{"href":"https:\/\/www.diocesidiroma.it\/sanitaria\/index.php\/wp-json\/wp\/v2\/posts\/2010","targetHints":{"allow":["GET"]}}],"collection":[{"href":"https:\/\/www.diocesidiroma.it\/sanitaria\/index.php\/wp-json\/wp\/v2\/posts"}],"about":[{"href":"https:\/\/www.diocesidiroma.it\/sanitaria\/index.php\/wp-json\/wp\/v2\/types\/post"}],"author":[{"embeddable":true,"href":"https:\/\/www.diocesidiroma.it\/sanitaria\/index.php\/wp-json\/wp\/v2\/users\/2"}],"replies":[{"embeddable":true,"href":"https:\/\/www.diocesidiroma.it\/sanitaria\/index.php\/wp-json\/wp\/v2\/comments?post=2010"}],"version-history":[{"count":3,"href":"https:\/\/www.diocesidiroma.it\/sanitaria\/index.php\/wp-json\/wp\/v2\/posts\/2010\/revisions"}],"predecessor-version":[{"id":2013,"href":"https:\/\/www.diocesidiroma.it\/sanitaria\/index.php\/wp-json\/wp\/v2\/posts\/2010\/revisions\/2013"}],"wp:featuredmedia":[{"embeddable":true,"href":"https:\/\/www.diocesidiroma.it\/sanitaria\/index.php\/wp-json\/wp\/v2\/media\/1804"}],"wp:attachment":[{"href":"https:\/\/www.diocesidiroma.it\/sanitaria\/index.php\/wp-json\/wp\/v2\/media?parent=2010"}],"wp:term":[{"taxonomy":"category","embeddable":true,"href":"https:\/\/www.diocesidiroma.it\/sanitaria\/index.php\/wp-json\/wp\/v2\/categories?post=2010"},{"taxonomy":"post_tag","embeddable":true,"href":"https:\/\/www.diocesidiroma.it\/sanitaria\/index.php\/wp-json\/wp\/v2\/tags?post=2010"}],"curies":[{"name":"wp","href":"https:\/\/api.w.org\/{rel}","templated":true}]}}