
{"id":2152,"date":"2019-02-26T11:17:42","date_gmt":"2019-02-26T10:17:42","guid":{"rendered":"https:\/\/www.diocesidiroma.it\/sanitaria\/?p=2152"},"modified":"2019-02-28T11:18:21","modified_gmt":"2019-02-28T10:18:21","slug":"messaggio-di-papa-francesco-per-la-quaresima-2019","status":"publish","type":"post","link":"https:\/\/www.diocesidiroma.it\/sanitaria\/index.php\/messaggio-di-papa-francesco-per-la-quaresima-2019\/","title":{"rendered":"Messaggio di Papa Francesco per la Quaresima 2019"},"content":{"rendered":"<div id=\"corpo\" class=\"rounded\">\n<table id=\"wrapper\" style=\"height: 250px;\" width=\"714\">\n<tbody>\n<tr id=\"trcontent\">\n<td colspan=\"6\" align=\"center\" valign=\"top\" bgcolor=\"#ffffff\" width=\"100%\" height=\"5\">\n<table id=\"corpo_bollettino\" border=\"0\" width=\"98%\" cellspacing=\"0\" cellpadding=\"5\">\n<tbody>\n<tr>\n<td align=\"left\" valign=\"top\" width=\"99%\" height=\"50\">\n<div class=\"notizia\">\n<div class=\"notizie bullnews\">\n<div>\n<p><span style=\"color: #003366;\"><strong>Cari fratelli e sorelle, la \u201cquaresima\u201d del Figlio di Dio \u00e8 stata un entrare nel <i>deserto<\/i> del creato per farlo tornare ad essere quel <i>giardino<\/i> della comunione con Dio che era prima del peccato delle origini (cfr <i>Mc<\/i> 1,12-13; <i>Is<\/i> 51,3). La nostra Quaresima sia un ripercorrere lo stesso cammino, per portare la speranza di Cristo anche alla creazione, che \u00absar\u00e0 liberata dalla schiavit\u00f9 della corruzione per entrare nella libert\u00e0 della gloria dei figli di Dio\u00bb (<i>Rm<\/i> 8,21).\u00a0<\/strong><\/span><\/p>\n<\/div>\n<\/div>\n<\/div>\n<\/td>\n<\/tr>\n<\/tbody>\n<\/table>\n<\/td>\n<\/tr>\n<\/tbody>\n<\/table>\n<\/div>\n<p><img loading=\"lazy\" decoding=\"async\" class=\"alignnone size-medium wp-image-2151\" src=\"https:\/\/www.diocesidiroma.it\/sanitaria\/wp-content\/uploads\/2019\/02\/Messaggio-Quaresima-Papa-Francesco-2019-300x258.jpg\" alt=\"\" width=\"300\" height=\"258\" srcset=\"https:\/\/www.diocesidiroma.it\/sanitaria\/wp-content\/uploads\/2019\/02\/Messaggio-Quaresima-Papa-Francesco-2019-300x258.jpg 300w, https:\/\/www.diocesidiroma.it\/sanitaria\/wp-content\/uploads\/2019\/02\/Messaggio-Quaresima-Papa-Francesco-2019-600x517.jpg 600w, https:\/\/www.diocesidiroma.it\/sanitaria\/wp-content\/uploads\/2019\/02\/Messaggio-Quaresima-Papa-Francesco-2019.jpg 763w\" sizes=\"auto, (max-width: 300px) 100vw, 300px\" \/><\/p>\n<p><a href=\"https:\/\/press.vatican.va\/content\/salastampa\/it\/bollettino\/pubblico\/2019\/02\/26\/0165\/00312.html\">https:\/\/press.vatican.va\/content\/salastampa\/it\/bollettino\/pubblico\/2019\/02\/26\/0165\/00312.html<\/a><\/p>\n<p><span style=\"color: #003366;\"><strong>Non lasciamo trascorrere invano questo tempo favorevole! Chiediamo a Dio di aiutarci a mettere in atto un cammino di vera conversione. Abbandoniamo l\u2019egoismo, lo sguardo fisso su noi stessi, e rivolgiamoci alla Pasqua di Ges\u00f9; facciamoci prossimi dei fratelli e delle sorelle in difficolt\u00e0, condividendo con loro i nostri beni spirituali e materiali. Cos\u00ec, accogliendo nel concreto della nostra vita la vittoria di Cristo sul peccato e sulla morte, attireremo anche sul creato la sua forza trasformatrice. (Papa Francesco)<\/strong><\/span><\/p>\n<p>&nbsp;<\/p>\n","protected":false},"excerpt":{"rendered":"Cari fratelli e sorelle, la \u201cquaresima\u201d del Figlio di Dio \u00e8 stata un entrare nel deserto del creato per farlo tornare ad essere quel giardino della comunione con Dio che era prima del peccato delle origini (cfr Mc 1,12-13; Is 51,3). La nostra Quaresima sia un ripercorrere lo stesso cammino, per portare la speranza di [&hellip;]","protected":false},"author":2,"featured_media":2151,"comment_status":"closed","ping_status":"closed","sticky":false,"template":"","format":"standard","meta":{"footnotes":""},"categories":[1,13],"tags":[],"class_list":["post-2152","post","type-post","status-publish","format-standard","has-post-thumbnail","hentry","category-eventi","category-evidenza"],"_links":{"self":[{"href":"https:\/\/www.diocesidiroma.it\/sanitaria\/index.php\/wp-json\/wp\/v2\/posts\/2152","targetHints":{"allow":["GET"]}}],"collection":[{"href":"https:\/\/www.diocesidiroma.it\/sanitaria\/index.php\/wp-json\/wp\/v2\/posts"}],"about":[{"href":"https:\/\/www.diocesidiroma.it\/sanitaria\/index.php\/wp-json\/wp\/v2\/types\/post"}],"author":[{"embeddable":true,"href":"https:\/\/www.diocesidiroma.it\/sanitaria\/index.php\/wp-json\/wp\/v2\/users\/2"}],"replies":[{"embeddable":true,"href":"https:\/\/www.diocesidiroma.it\/sanitaria\/index.php\/wp-json\/wp\/v2\/comments?post=2152"}],"version-history":[{"count":1,"href":"https:\/\/www.diocesidiroma.it\/sanitaria\/index.php\/wp-json\/wp\/v2\/posts\/2152\/revisions"}],"predecessor-version":[{"id":2153,"href":"https:\/\/www.diocesidiroma.it\/sanitaria\/index.php\/wp-json\/wp\/v2\/posts\/2152\/revisions\/2153"}],"wp:featuredmedia":[{"embeddable":true,"href":"https:\/\/www.diocesidiroma.it\/sanitaria\/index.php\/wp-json\/wp\/v2\/media\/2151"}],"wp:attachment":[{"href":"https:\/\/www.diocesidiroma.it\/sanitaria\/index.php\/wp-json\/wp\/v2\/media?parent=2152"}],"wp:term":[{"taxonomy":"category","embeddable":true,"href":"https:\/\/www.diocesidiroma.it\/sanitaria\/index.php\/wp-json\/wp\/v2\/categories?post=2152"},{"taxonomy":"post_tag","embeddable":true,"href":"https:\/\/www.diocesidiroma.it\/sanitaria\/index.php\/wp-json\/wp\/v2\/tags?post=2152"}],"curies":[{"name":"wp","href":"https:\/\/api.w.org\/{rel}","templated":true}]}}