
{"id":2375,"date":"2019-05-03T09:55:32","date_gmt":"2019-05-03T07:55:32","guid":{"rendered":"https:\/\/www.diocesidiroma.it\/sanitaria\/?p=2375"},"modified":"2019-05-03T10:59:50","modified_gmt":"2019-05-03T08:59:50","slug":"intenzione-mensile-di-maggio-2019","status":"publish","type":"post","link":"https:\/\/www.diocesidiroma.it\/sanitaria\/index.php\/intenzione-mensile-di-maggio-2019\/","title":{"rendered":"Intenzione mensile di Maggio 2019"},"content":{"rendered":"<p><span style=\"color: #003366;\"><strong>Intenzioni di preghiera<\/strong><\/span><\/p>\n<p><span style=\"color: #003366;\">Affidiamo alla preghiera e alla loro offerta degli ammalati, quali membra attive della Comunit\u00e0 cristiana:<\/span><\/p>\n<p><span style=\"color: #003366;\">&#8211; l\u2019incontro di Papa Francesco con la sua Diocesi di Roma perch\u00e9 sia un momento di unit\u00e0, di comunione e di verifica del cammino pastorale portato avanti dalle varie realt\u00e0 ecclesiali;<\/span><\/p>\n<p><span style=\"color: #003366;\">&#8211; le Ordinazioni presbiteriali e diocesane perch\u00e9 i futuri presbiteri e diaconi possano essere ricolmati, per l\u2019Unzione crismale, della pienezza dello Spirito Santo per essere presenza viva del Risorto nella Chiesa;<\/span><\/p>\n<p><span style=\"color: #003366;\">&#8211; la Giornata mondiale di preghiera per le vocazioni, perch\u00e9 il Signore Ges\u00f9 doni a tanti giovani occhi nuovi per vedere la realt\u00e0 con l\u2019amore e la compassione del Signore Ges\u00f9 e desiderare di mettere la propria vita a servizio dell\u2019edificazione del Regno.<\/span><\/p>\n","protected":false},"excerpt":{"rendered":"Intenzioni di preghiera Affidiamo alla preghiera e alla loro offerta degli ammalati, quali membra attive della Comunit\u00e0 cristiana: &#8211; l\u2019incontro di Papa Francesco con la sua Diocesi di Roma perch\u00e9 sia un momento di unit\u00e0, di comunione e di verifica del cammino pastorale portato avanti dalle varie realt\u00e0 ecclesiali; &#8211; le Ordinazioni presbiteriali e diocesane [&hellip;]","protected":false},"author":2,"featured_media":1988,"comment_status":"closed","ping_status":"closed","sticky":false,"template":"","format":"standard","meta":{"footnotes":""},"categories":[13,43],"tags":[],"class_list":["post-2375","post","type-post","status-publish","format-standard","has-post-thumbnail","hentry","category-evidenza","category-intenzione"],"_links":{"self":[{"href":"https:\/\/www.diocesidiroma.it\/sanitaria\/index.php\/wp-json\/wp\/v2\/posts\/2375","targetHints":{"allow":["GET"]}}],"collection":[{"href":"https:\/\/www.diocesidiroma.it\/sanitaria\/index.php\/wp-json\/wp\/v2\/posts"}],"about":[{"href":"https:\/\/www.diocesidiroma.it\/sanitaria\/index.php\/wp-json\/wp\/v2\/types\/post"}],"author":[{"embeddable":true,"href":"https:\/\/www.diocesidiroma.it\/sanitaria\/index.php\/wp-json\/wp\/v2\/users\/2"}],"replies":[{"embeddable":true,"href":"https:\/\/www.diocesidiroma.it\/sanitaria\/index.php\/wp-json\/wp\/v2\/comments?post=2375"}],"version-history":[{"count":1,"href":"https:\/\/www.diocesidiroma.it\/sanitaria\/index.php\/wp-json\/wp\/v2\/posts\/2375\/revisions"}],"predecessor-version":[{"id":2376,"href":"https:\/\/www.diocesidiroma.it\/sanitaria\/index.php\/wp-json\/wp\/v2\/posts\/2375\/revisions\/2376"}],"wp:featuredmedia":[{"embeddable":true,"href":"https:\/\/www.diocesidiroma.it\/sanitaria\/index.php\/wp-json\/wp\/v2\/media\/1988"}],"wp:attachment":[{"href":"https:\/\/www.diocesidiroma.it\/sanitaria\/index.php\/wp-json\/wp\/v2\/media?parent=2375"}],"wp:term":[{"taxonomy":"category","embeddable":true,"href":"https:\/\/www.diocesidiroma.it\/sanitaria\/index.php\/wp-json\/wp\/v2\/categories?post=2375"},{"taxonomy":"post_tag","embeddable":true,"href":"https:\/\/www.diocesidiroma.it\/sanitaria\/index.php\/wp-json\/wp\/v2\/tags?post=2375"}],"curies":[{"name":"wp","href":"https:\/\/api.w.org\/{rel}","templated":true}]}}