
{"id":2425,"date":"2019-05-08T09:16:58","date_gmt":"2019-05-08T07:16:58","guid":{"rendered":"https:\/\/www.diocesidiroma.it\/sanitaria\/?p=2425"},"modified":"2019-05-08T11:26:25","modified_gmt":"2019-05-08T09:26:25","slug":"2425-2","status":"publish","type":"post","link":"https:\/\/www.diocesidiroma.it\/sanitaria\/index.php\/2425-2\/","title":{"rendered":"Morto Jean Vanier Fondatore dell&#8217;Arche"},"content":{"rendered":"<div>\u00a0<span style=\"color: #993300; letter-spacing: 0.5px; word-spacing: 0.5px;\">\u201eL&#8217;amore \u00e8 dolce e bello ma pu\u00f2 essere accompagnato da una terribile paura: la paura dell&#8217;avvenire e del rischio di andare troppo oltre, la paura che il tutto conduca soltanto alla morte della nostra cosiddetta libert\u00e0, la paura di essere feriti, perch\u00e9 amare significa diventare vulnerabili. Amare \u00e8 sempre un rischio.\u201c \u2014 Jean Vanier<\/span><\/div>\n<div>\n<p><img loading=\"lazy\" decoding=\"async\" class=\"alignnone size-medium wp-image-2426\" src=\"https:\/\/www.diocesidiroma.it\/sanitaria\/wp-content\/uploads\/2019\/05\/Jean-Veanier-246x300.jpg\" alt=\"\" width=\"246\" height=\"300\" srcset=\"https:\/\/www.diocesidiroma.it\/sanitaria\/wp-content\/uploads\/2019\/05\/Jean-Veanier-246x300.jpg 246w, https:\/\/www.diocesidiroma.it\/sanitaria\/wp-content\/uploads\/2019\/05\/Jean-Veanier.jpg 377w\" sizes=\"auto, (max-width: 246px) 100vw, 246px\" \/><\/p>\n<\/div>\n<div><\/div>\n<p><a href=\"https:\/\/servizi.volopress.it\/sfogliatore\/Desktop\/Default.aspx?param=aXNzdWVpZD1hN2QzNzhkMy1iZTVkLTQzODItOGI5NS0yZThkZTU4ZmQ5YTcmbXl2cD10cnVlJnBhZ2V0eXBlPTImdGVtcGxhdGVpZD03NjYxJmN1c3RvbWVyaWQ9Nzc3MCZ1c2VyaWQ9MzI1MCZzZW5kZXJrZXk9NTc4OTk1MTY4NTAxMTIyNzgzNTg5MzY0JmVtYWlsPVNrczFRV1l3S3lzeU5tdzBhV1ZVVHpsbVNXdEtWVlpuTlZWWGEweHFRa2c1YUVVeVR6RjRaMkl5YnowPQ%3d%3d#page\/31\">https:\/\/servizi.volopress.it\/sfogliatore\/Desktop\/Default.aspx?param=aXNzdWVpZD1hN2QzNzhkMy1iZTVkLTQzODItOGI5NS0yZThkZTU4ZmQ5YTcmbXl2cD10cnVlJnBhZ2V0eXBlPTImdGVtcGxhdGVpZD03NjYxJmN1c3RvbWVyaWQ9Nzc3MCZ1c2VyaWQ9MzI1MCZzZW5kZXJrZXk9NTc4OTk1MTY4NTAxMTIyNzgzNTg5MzY0JmVtYWlsPVNrczFRV1l3S3lzeU5tdzBhV1ZVVHpsbVNXdEtWVlpuTlZWWGEweHFRa2c1YUVVeVR6RjRaMkl5YnowPQ%3d%3d#page\/31<\/a><\/p>\n<p>&nbsp;<\/p>\n<p><a href=\"https:\/\/servizi.volopress.it\/sfogliatore\/Desktop\/Default.aspx?param=aXNzdWVpZD1hN2QzNzhkMy1iZTVkLTQzODItOGI5NS0yZThkZTU4ZmQ5YTcmbXl2cD10cnVlJnBhZ2V0eXBlPTImdGVtcGxhdGVpZD03NjYxJmN1c3RvbWVyaWQ9Nzc3MCZ1c2VyaWQ9MzI1MCZzZW5kZXJrZXk9NTc4OTk1MTY4NTAxMTIyNzgzNTg5MzY0JmVtYWlsPVNrczFRV1l3S3lzeU5tdzBhV1ZVVHpsbVNXdEtWVlpuTlZWWGEweHFRa2c1YUVVeVR6RjRaMkl5YnowPQ%3d%3d#page\/32\">https:\/\/servizi.volopress.it\/sfogliatore\/Desktop\/Default.aspx?param=aXNzdWVpZD1hN2QzNzhkMy1iZTVkLTQzODItOGI5NS0yZThkZTU4ZmQ5YTcmbXl2cD10cnVlJnBhZ2V0eXBlPTImdGVtcGxhdGVpZD03NjYxJmN1c3RvbWVyaWQ9Nzc3MCZ1c2VyaWQ9MzI1MCZzZW5kZXJrZXk9NTc4OTk1MTY4NTAxMTIyNzgzNTg5MzY0JmVtYWlsPVNrczFRV1l3S3lzeU5tdzBhV1ZVVHpsbVNXdEtWVlpuTlZWWGEweHFRa2c1YUVVeVR6RjRaMkl5YnowPQ%3d%3d#page\/32<\/a><\/p>\n<p>&nbsp;<\/p>\n","protected":false},"excerpt":{"rendered":"\u00a0\u201eL&#8217;amore \u00e8 dolce e bello ma pu\u00f2 essere accompagnato da una terribile paura: la paura dell&#8217;avvenire e del rischio di andare troppo oltre, la paura che il tutto conduca soltanto alla morte della nostra cosiddetta libert\u00e0, la paura di essere feriti, perch\u00e9 amare significa diventare vulnerabili. Amare \u00e8 sempre un rischio.\u201c \u2014 Jean Vanier https:\/\/servizi.volopress.it\/sfogliatore\/Desktop\/Default.aspx?param=aXNzdWVpZD1hN2QzNzhkMy1iZTVkLTQzODItOGI5NS0yZThkZTU4ZmQ5YTcmbXl2cD10cnVlJnBhZ2V0eXBlPTImdGVtcGxhdGVpZD03NjYxJmN1c3RvbWVyaWQ9Nzc3MCZ1c2VyaWQ9MzI1MCZzZW5kZXJrZXk9NTc4OTk1MTY4NTAxMTIyNzgzNTg5MzY0JmVtYWlsPVNrczFRV1l3S3lzeU5tdzBhV1ZVVHpsbVNXdEtWVlpuTlZWWGEweHFRa2c1YUVVeVR6RjRaMkl5YnowPQ%3d%3d#page\/31 [&hellip;]","protected":false},"author":2,"featured_media":2428,"comment_status":"closed","ping_status":"closed","sticky":false,"template":"","format":"standard","meta":{"footnotes":""},"categories":[13,4],"tags":[],"class_list":["post-2425","post","type-post","status-publish","format-standard","has-post-thumbnail","hentry","category-evidenza","category-notizie"],"_links":{"self":[{"href":"https:\/\/www.diocesidiroma.it\/sanitaria\/index.php\/wp-json\/wp\/v2\/posts\/2425","targetHints":{"allow":["GET"]}}],"collection":[{"href":"https:\/\/www.diocesidiroma.it\/sanitaria\/index.php\/wp-json\/wp\/v2\/posts"}],"about":[{"href":"https:\/\/www.diocesidiroma.it\/sanitaria\/index.php\/wp-json\/wp\/v2\/types\/post"}],"author":[{"embeddable":true,"href":"https:\/\/www.diocesidiroma.it\/sanitaria\/index.php\/wp-json\/wp\/v2\/users\/2"}],"replies":[{"embeddable":true,"href":"https:\/\/www.diocesidiroma.it\/sanitaria\/index.php\/wp-json\/wp\/v2\/comments?post=2425"}],"version-history":[{"count":4,"href":"https:\/\/www.diocesidiroma.it\/sanitaria\/index.php\/wp-json\/wp\/v2\/posts\/2425\/revisions"}],"predecessor-version":[{"id":2431,"href":"https:\/\/www.diocesidiroma.it\/sanitaria\/index.php\/wp-json\/wp\/v2\/posts\/2425\/revisions\/2431"}],"wp:featuredmedia":[{"embeddable":true,"href":"https:\/\/www.diocesidiroma.it\/sanitaria\/index.php\/wp-json\/wp\/v2\/media\/2428"}],"wp:attachment":[{"href":"https:\/\/www.diocesidiroma.it\/sanitaria\/index.php\/wp-json\/wp\/v2\/media?parent=2425"}],"wp:term":[{"taxonomy":"category","embeddable":true,"href":"https:\/\/www.diocesidiroma.it\/sanitaria\/index.php\/wp-json\/wp\/v2\/categories?post=2425"},{"taxonomy":"post_tag","embeddable":true,"href":"https:\/\/www.diocesidiroma.it\/sanitaria\/index.php\/wp-json\/wp\/v2\/tags?post=2425"}],"curies":[{"name":"wp","href":"https:\/\/api.w.org\/{rel}","templated":true}]}}