
{"id":2477,"date":"2019-05-20T09:20:44","date_gmt":"2019-05-20T07:20:44","guid":{"rendered":"https:\/\/www.diocesidiroma.it\/sanitaria\/?p=2477"},"modified":"2019-05-20T11:24:48","modified_gmt":"2019-05-20T09:24:48","slug":"lacos-in-udienza-con-papa-francesco-sabato-18-maggio-2019","status":"publish","type":"post","link":"https:\/\/www.diocesidiroma.it\/sanitaria\/index.php\/lacos-in-udienza-con-papa-francesco-sabato-18-maggio-2019\/","title":{"rendered":"L&#8217;Acos in Udienza con Papa Francesco &#8211; sabato 18 Maggio 2019"},"content":{"rendered":"<p><strong>Francesco: pratica dell&#8217;obiezione s\u00ec ma con rispetto<\/strong><\/p>\n<p><img loading=\"lazy\" decoding=\"async\" src=\"https:\/\/www.diocesidiroma.it\/sanitaria\/wp-content\/uploads\/2019\/05\/Acos-300x254.jpg\" alt=\"\" width=\"300\" height=\"254\" \/><\/p>\n<form id=\"form1\" action=\".\/Default.aspx?param=aXNzdWVpZD02MDg5YTc3My1kM2U5LTRhZGItYjU2MS05NGMzNjAzMGNiYTQmbXl2cD10cnVlJnBhZ2V0eXBlPTImdGVtcGxhdGVpZD03NjYxJmN1c3RvbWVyaWQ9Nzc3MCZ1c2VyaWQ9MzI1MCZzZW5kZXJrZXk9NTc5ODU5MTc5NDQ2OTM3NzgyNDI4MjUxJmVtYWlsPVNrczFRV1l3S3lzeU5tdzBhV1ZVVHpsbVNXdEtWVlpuTlZWWGEweHFRa2c1YUVVeVR6RjRaMkl5YnowPQ%3d%3d\" method=\"post\">In un sistema sanitario nel quale \u00abla tecnologia ha raggiunto traguardi sensazionali e insperati e ha aperto la strada a nuove tecniche di diagnosi e di cura\u00bb, la scelta dell&#8217; obiezione di coscienza del personale sanitario va garantita, anche se tale scelta \u00abva compiuta con rispetto, perch\u00e9 non diventi motivo di disprezzo o di orgoglio ci\u00f2 che deve essere fatto con umilt\u00e0, per non generare in chi vi osserva un uguale disprezzo, che impedirebbe di comprendere le vere motivazioni che ci spingono \u00bb. \u00c8 il passaggio centrale del discorso che papa Francesco ha rivolto ai componenti dell&#8217; Associazione cattolica operatori sanitari (Acos), ricevuti ieri mattina in occasione del 40\u00b0 anniversario di fondazione.<\/p>\n<p> Il Pontefice nel suo discorso ha sottolineato come \u00abnegli ultimi decenni, il sistema di assistenza e di cura si \u00e8 trasformato radicalmente, e con esso sono mutati anche il modo di intendere la medicina e il rapporto stesso con il malato \u00bb. La stessa tecnologia, ha proseguito il Papa \u00abha raggiunto traguardi sensazionali e insperati\u00bb, ma \u00abponendo in modo sempre pi\u00f9 forte problemi di carattere etico\u00bb. In questo quadro la scelta dell&#8217; obiezione di coscienza deve essere garantita perch\u00e9 \u00absi basa sulla personale esigenza di non agire in modo difforme dal proprio convincimento etico, ma rappresenta anche un segno per l&#8217; ambiente sanitario nel quale ci si trova, oltre che nei confronti dei pazienti stessi e delle loro famiglie\u00bb. Ed \u00e8 qui che papa Francesco invita, coloro che fanno questa scelta, a compierla \u00abcon rispetto. \u00c8 bene invece cercare sempre il dialogo, soprattutto con coloro che hanno posizioni diverse, mettendosi in ascolto del loro punto di vista e cercando di trasmettere il vostro, non come chi sale in cattedra, ma come chi cerca il vero bene delle persone. Farsi compagni di viaggio di chi ci sta accanto, in particolare degli ultimi, dei pi\u00f9 dimenticati, degli esclusi: questo \u00e8 il miglior modo per comprendere a fondo e con verit\u00e0 le diverse situazioni e il bene morale che vi \u00e8 implicato\u00bb. Anche questo \u00ab\u00e8 rendere la miglior testimonianza al Vangelo\u00bb.<\/p>\n<p>Una testimonianza da rendere anche nell&#8217; agire professionale con i malati, che \u00abvanno trattati come persone e non come dei numeri\u00bb. Un traguardo che si pu\u00f2 ottenere formando al meglio il personale. Il Papa non si nasconde comunque le difficolt\u00e0 rappresentate da una \u00abaziendalizzazione del sistema, che ha posto in primo piano le esigenze di riduzione dei costi e razionalizzazione dei servizi\u00bb e \u00abha mutato a fondo l&#8217; approccio alla malattia e al malato stesso, con una preferenza per l&#8217; efficienza che non di rado ha posto in secondo piano l&#8217; attenzione alla persona\u00bb, ma anche il personale stesso, \u00abbruciato da turni di lavoro duri, dallo stress delle urgenze o dall&#8217; impatto emotivo\u00bb. Ecco allora l&#8217; invito a una buona formazione, ma anche a \u00abtenere in tasca il Vangelo, perch\u00e9 vi ispiri la Parola di Dio\u00bb.<\/p><\/form>\n","protected":false},"excerpt":{"rendered":"Francesco: pratica dell&#8217;obiezione s\u00ec ma con rispetto In un sistema sanitario nel quale \u00abla tecnologia ha raggiunto traguardi sensazionali e insperati e ha aperto la strada a nuove tecniche di diagnosi e di cura\u00bb, la scelta dell&#8217; obiezione di coscienza del personale sanitario va garantita, anche se tale scelta \u00abva compiuta con rispetto, perch\u00e9 non [&hellip;]","protected":false},"author":2,"featured_media":2480,"comment_status":"closed","ping_status":"closed","sticky":false,"template":"","format":"standard","meta":{"footnotes":""},"categories":[13,35],"tags":[],"class_list":["post-2477","post","type-post","status-publish","format-standard","has-post-thumbnail","hentry","category-evidenza","category-iniziative_esterne"],"_links":{"self":[{"href":"https:\/\/www.diocesidiroma.it\/sanitaria\/index.php\/wp-json\/wp\/v2\/posts\/2477","targetHints":{"allow":["GET"]}}],"collection":[{"href":"https:\/\/www.diocesidiroma.it\/sanitaria\/index.php\/wp-json\/wp\/v2\/posts"}],"about":[{"href":"https:\/\/www.diocesidiroma.it\/sanitaria\/index.php\/wp-json\/wp\/v2\/types\/post"}],"author":[{"embeddable":true,"href":"https:\/\/www.diocesidiroma.it\/sanitaria\/index.php\/wp-json\/wp\/v2\/users\/2"}],"replies":[{"embeddable":true,"href":"https:\/\/www.diocesidiroma.it\/sanitaria\/index.php\/wp-json\/wp\/v2\/comments?post=2477"}],"version-history":[{"count":3,"href":"https:\/\/www.diocesidiroma.it\/sanitaria\/index.php\/wp-json\/wp\/v2\/posts\/2477\/revisions"}],"predecessor-version":[{"id":2482,"href":"https:\/\/www.diocesidiroma.it\/sanitaria\/index.php\/wp-json\/wp\/v2\/posts\/2477\/revisions\/2482"}],"wp:featuredmedia":[{"embeddable":true,"href":"https:\/\/www.diocesidiroma.it\/sanitaria\/index.php\/wp-json\/wp\/v2\/media\/2480"}],"wp:attachment":[{"href":"https:\/\/www.diocesidiroma.it\/sanitaria\/index.php\/wp-json\/wp\/v2\/media?parent=2477"}],"wp:term":[{"taxonomy":"category","embeddable":true,"href":"https:\/\/www.diocesidiroma.it\/sanitaria\/index.php\/wp-json\/wp\/v2\/categories?post=2477"},{"taxonomy":"post_tag","embeddable":true,"href":"https:\/\/www.diocesidiroma.it\/sanitaria\/index.php\/wp-json\/wp\/v2\/tags?post=2477"}],"curies":[{"name":"wp","href":"https:\/\/api.w.org\/{rel}","templated":true}]}}