
{"id":2930,"date":"2019-09-13T09:39:06","date_gmt":"2019-09-13T07:39:06","guid":{"rendered":"https:\/\/www.diocesidiroma.it\/sanitaria\/?p=2930"},"modified":"2019-09-13T09:43:43","modified_gmt":"2019-09-13T07:43:43","slug":"benedetta-bianchi-porro-sara-beata-colei-che-abbraccio-la-croce","status":"publish","type":"post","link":"https:\/\/www.diocesidiroma.it\/sanitaria\/index.php\/benedetta-bianchi-porro-sara-beata-colei-che-abbraccio-la-croce\/","title":{"rendered":"Benedetta Bianchi Porro, sar\u00e0 Beata colei che abbracci\u00f2 la croce"},"content":{"rendered":"<p><span style=\"color: #993300;\"><strong>Benedetta Bianchi Porro, beatificata domani 14 Settembre 2019 a Forl\u00ec.<\/strong><\/span><\/p>\n<p><img loading=\"lazy\" decoding=\"async\" class=\"alignnone size-medium wp-image-2931\" src=\"https:\/\/www.diocesidiroma.it\/sanitaria\/wp-content\/uploads\/2019\/09\/Beata-Benedetta-Bianchi-Porro-300x214.jpg\" alt=\"\" width=\"300\" height=\"214\" srcset=\"https:\/\/www.diocesidiroma.it\/sanitaria\/wp-content\/uploads\/2019\/09\/Beata-Benedetta-Bianchi-Porro-300x214.jpg 300w, https:\/\/www.diocesidiroma.it\/sanitaria\/wp-content\/uploads\/2019\/09\/Beata-Benedetta-Bianchi-Porro-768x549.jpg 768w, https:\/\/www.diocesidiroma.it\/sanitaria\/wp-content\/uploads\/2019\/09\/Beata-Benedetta-Bianchi-Porro.jpg 774w\" sizes=\"auto, (max-width: 300px) 100vw, 300px\" \/><\/p>\n<div id=\"page\" class=\"site\">\n<div id=\"content\" class=\"site-content\">\n<div class=\"wrap\">\n<div id=\"primary\" class=\"content-area\">\n<article id=\"post-9422\" class=\"post-9422 post type-post status-publish format-standard has-post-thumbnail hentry category-editoriali tag-benedetta-bianchi-porro tag-carita tag-croce tag-dolore tag-fede tag-santi-e-beati tag-sofferenza tag-speranza tag-testimoni tag-testimonianze tag-umilta\">\n<div class=\"entry-content\">\n<p><strong>Riconosciuto il miracolo di Benedetta Bianchi Porro, che sar\u00e0 dunque presto beata. Tutta la sua vita \u00e8 stata un insondabile mistero di grazia, grazie al quale ha vissuto la sua missione offrendo le sue gravi sofferenze fisiche.<\/strong><\/p>\n<p><a href=\"https:\/\/cristianesimocattolico.wordpress.com\/2018\/11\/12\/benedetta-bianchi-porro-sara-beata-colei-che-abbraccio-la-croce\/\">https:\/\/cristianesimocattolico.wordpress.com\/2018\/11\/12\/benedetta-bianchi-porro-sara-beata-colei-che-abbraccio-la-croce\/<\/a><\/p>\n<\/div>\n<\/article>\n<\/div>\n<\/div>\n<\/div>\n<\/div>\n","protected":false},"excerpt":{"rendered":"Benedetta Bianchi Porro, beatificata domani 14 Settembre 2019 a Forl\u00ec. Riconosciuto il miracolo di Benedetta Bianchi Porro, che sar\u00e0 dunque presto beata. Tutta la sua vita \u00e8 stata un insondabile mistero di grazia, grazie al quale ha vissuto la sua missione offrendo le sue gravi sofferenze fisiche. https:\/\/cristianesimocattolico.wordpress.com\/2018\/11\/12\/benedetta-bianchi-porro-sara-beata-colei-che-abbraccio-la-croce\/","protected":false},"author":2,"featured_media":2931,"comment_status":"closed","ping_status":"closed","sticky":false,"template":"","format":"standard","meta":{"footnotes":""},"categories":[13,4],"tags":[],"class_list":["post-2930","post","type-post","status-publish","format-standard","has-post-thumbnail","hentry","category-evidenza","category-notizie"],"_links":{"self":[{"href":"https:\/\/www.diocesidiroma.it\/sanitaria\/index.php\/wp-json\/wp\/v2\/posts\/2930","targetHints":{"allow":["GET"]}}],"collection":[{"href":"https:\/\/www.diocesidiroma.it\/sanitaria\/index.php\/wp-json\/wp\/v2\/posts"}],"about":[{"href":"https:\/\/www.diocesidiroma.it\/sanitaria\/index.php\/wp-json\/wp\/v2\/types\/post"}],"author":[{"embeddable":true,"href":"https:\/\/www.diocesidiroma.it\/sanitaria\/index.php\/wp-json\/wp\/v2\/users\/2"}],"replies":[{"embeddable":true,"href":"https:\/\/www.diocesidiroma.it\/sanitaria\/index.php\/wp-json\/wp\/v2\/comments?post=2930"}],"version-history":[{"count":3,"href":"https:\/\/www.diocesidiroma.it\/sanitaria\/index.php\/wp-json\/wp\/v2\/posts\/2930\/revisions"}],"predecessor-version":[{"id":2934,"href":"https:\/\/www.diocesidiroma.it\/sanitaria\/index.php\/wp-json\/wp\/v2\/posts\/2930\/revisions\/2934"}],"wp:featuredmedia":[{"embeddable":true,"href":"https:\/\/www.diocesidiroma.it\/sanitaria\/index.php\/wp-json\/wp\/v2\/media\/2931"}],"wp:attachment":[{"href":"https:\/\/www.diocesidiroma.it\/sanitaria\/index.php\/wp-json\/wp\/v2\/media?parent=2930"}],"wp:term":[{"taxonomy":"category","embeddable":true,"href":"https:\/\/www.diocesidiroma.it\/sanitaria\/index.php\/wp-json\/wp\/v2\/categories?post=2930"},{"taxonomy":"post_tag","embeddable":true,"href":"https:\/\/www.diocesidiroma.it\/sanitaria\/index.php\/wp-json\/wp\/v2\/tags?post=2930"}],"curies":[{"name":"wp","href":"https:\/\/api.w.org\/{rel}","templated":true}]}}