
{"id":3003,"date":"2019-09-30T09:23:25","date_gmt":"2019-09-30T07:23:25","guid":{"rendered":"https:\/\/www.diocesidiroma.it\/sanitaria\/?p=3003"},"modified":"2019-10-07T10:37:01","modified_gmt":"2019-10-07T08:37:01","slug":"schema-di-adorazione-eucaristica-per-l11-ottobre","status":"publish","type":"post","link":"https:\/\/www.diocesidiroma.it\/sanitaria\/index.php\/schema-di-adorazione-eucaristica-per-l11-ottobre\/","title":{"rendered":"Schema di Adorazione eucaristica per l&#8217;11 Ottobre"},"content":{"rendered":"<p><span style=\"color: #993300;\"><strong>In questo mese di Ottobre la preghiera mensile del Malato, venerd\u00ec 11, vedr\u00e0 la presenza di S.E. Mons. Ricciardi presso la Comunit\u00e0 parrocchiale di Sant&#8217;Ugo alle ore 18.00. Chi aderisce a questa iniziativa nella propria Comunit\u00e0 pu\u00f2 raccontare all&#8217;Ufficio di Pastorale della Salute come pensa di svolgerla e inviare anche il materiale di animazione.<\/strong><\/span><\/p>\n<p><img loading=\"lazy\" decoding=\"async\" class=\"alignnone size-medium wp-image-3006\" src=\"https:\/\/www.diocesidiroma.it\/sanitaria\/wp-content\/uploads\/2019\/09\/IMMAGINE-L11-DI-OGNI-MESE-1-214x300.jpg\" alt=\"\" width=\"214\" height=\"300\" srcset=\"https:\/\/www.diocesidiroma.it\/sanitaria\/wp-content\/uploads\/2019\/09\/IMMAGINE-L11-DI-OGNI-MESE-1-214x300.jpg 214w, https:\/\/www.diocesidiroma.it\/sanitaria\/wp-content\/uploads\/2019\/09\/IMMAGINE-L11-DI-OGNI-MESE-1.jpg 604w\" sizes=\"auto, (max-width: 214px) 100vw, 214px\" \/><\/p>\n<p><span style=\"color: #993300;\"><strong>Le consacrate vincenziane che operano all&#8217;Ospedale pediatrico Bambino Ges\u00f9, hanno preparato uno schema di Adorazione per\u00a0 l&#8217;11 del mese di Ottobre, giornata mensile del malato.\u00a0<\/strong><\/span><\/p>\n<iframe loading=\"lazy\" class=\"pdfjs-viewer\" width=\"800px\" height=\"600px\" src=\"https:\/\/www.diocesidiroma.it\/sanitaria\/wp-content\/plugins\/pdf-viewer\/stable\/web\/viewer.html?file=https:\/\/www.diocesidiroma.it\/sanitaria\/wp-content\/uploads\/2019\/09\/Adorazione-eucaristica-Ottobre.pdf\"><\/iframe> \n<p>&nbsp;<\/p>\n","protected":false},"excerpt":{"rendered":"In questo mese di Ottobre la preghiera mensile del Malato, venerd\u00ec 11, vedr\u00e0 la presenza di S.E. Mons. Ricciardi presso la Comunit\u00e0 parrocchiale di Sant&#8217;Ugo alle ore 18.00. Chi aderisce a questa iniziativa nella propria Comunit\u00e0 pu\u00f2 raccontare all&#8217;Ufficio di Pastorale della Salute come pensa di svolgerla e inviare anche il materiale di animazione. Le [&hellip;]","protected":false},"author":2,"featured_media":3006,"comment_status":"closed","ping_status":"closed","sticky":false,"template":"","format":"standard","meta":{"footnotes":""},"categories":[1,48,13],"tags":[],"class_list":["post-3003","post","type-post","status-publish","format-standard","has-post-thumbnail","hentry","category-eventi","category-mensile_malato","category-evidenza"],"_links":{"self":[{"href":"https:\/\/www.diocesidiroma.it\/sanitaria\/index.php\/wp-json\/wp\/v2\/posts\/3003","targetHints":{"allow":["GET"]}}],"collection":[{"href":"https:\/\/www.diocesidiroma.it\/sanitaria\/index.php\/wp-json\/wp\/v2\/posts"}],"about":[{"href":"https:\/\/www.diocesidiroma.it\/sanitaria\/index.php\/wp-json\/wp\/v2\/types\/post"}],"author":[{"embeddable":true,"href":"https:\/\/www.diocesidiroma.it\/sanitaria\/index.php\/wp-json\/wp\/v2\/users\/2"}],"replies":[{"embeddable":true,"href":"https:\/\/www.diocesidiroma.it\/sanitaria\/index.php\/wp-json\/wp\/v2\/comments?post=3003"}],"version-history":[{"count":5,"href":"https:\/\/www.diocesidiroma.it\/sanitaria\/index.php\/wp-json\/wp\/v2\/posts\/3003\/revisions"}],"predecessor-version":[{"id":3020,"href":"https:\/\/www.diocesidiroma.it\/sanitaria\/index.php\/wp-json\/wp\/v2\/posts\/3003\/revisions\/3020"}],"wp:featuredmedia":[{"embeddable":true,"href":"https:\/\/www.diocesidiroma.it\/sanitaria\/index.php\/wp-json\/wp\/v2\/media\/3006"}],"wp:attachment":[{"href":"https:\/\/www.diocesidiroma.it\/sanitaria\/index.php\/wp-json\/wp\/v2\/media?parent=3003"}],"wp:term":[{"taxonomy":"category","embeddable":true,"href":"https:\/\/www.diocesidiroma.it\/sanitaria\/index.php\/wp-json\/wp\/v2\/categories?post=3003"},{"taxonomy":"post_tag","embeddable":true,"href":"https:\/\/www.diocesidiroma.it\/sanitaria\/index.php\/wp-json\/wp\/v2\/tags?post=3003"}],"curies":[{"name":"wp","href":"https:\/\/api.w.org\/{rel}","templated":true}]}}