
{"id":3021,"date":"2019-09-30T10:58:59","date_gmt":"2019-09-30T08:58:59","guid":{"rendered":"https:\/\/www.diocesidiroma.it\/sanitaria\/?p=3021"},"modified":"2019-09-30T10:58:59","modified_gmt":"2019-09-30T08:58:59","slug":"il-dolore-va-lenito-non-diventi-il-criterio-per-fermare-una-vita","status":"publish","type":"post","link":"https:\/\/www.diocesidiroma.it\/sanitaria\/index.php\/il-dolore-va-lenito-non-diventi-il-criterio-per-fermare-una-vita\/","title":{"rendered":"Il dolore va lenito, non diventi il criterio per fermare una vita"},"content":{"rendered":"<form id=\"form1\" action=\".\/Default.aspx?param=aXNzdWVpZD0yMDI5MmNlMC1mNTVjLTQ3ZGYtOGFhNC1hZTQ3Yzg4ZTY1OWImbXl2cD10cnVlJnBhZ2V0eXBlPTImdGVtcGxhdGVpZD03NjYxJmN1c3RvbWVyaWQ9Nzc3MCZ1c2VyaWQ9MzI1MCZzZW5kZXJrZXk9NTkxNTIzMzU1MzIwMzEwMzkxMDIwNjI2JmVtYWlsPVNrczFRV1l3S3lzeU5tdzBhV1ZVVHpsbVNXdEtWVlpuTlZWWGEweHFRa2c1YUVVeVR6RjRaMkl5YnowPQ%3d%3d\" method=\"post\">\n<div id=\"wrap\">\n<div id=\"main\">\n<div id=\"canvas\">\n<div class=\"magazine-viewport\">\n<div class=\"container\">\n<div class=\"magazine animated\">\n<div class=\"page-wrapper\">\n<div>\n<div class=\"page p28 even\">\n<div id=\"divtext-16\" class=\"art\">\n<div class=\"art_Body\">\n<div class=\"art_Title\">\u00abIl dolore va lenito, non diventi il criterio per fermare una vita. No a scontri di parte\u00bb<\/div>\n<div class=\"art_Subtitle\">\u00abVede, oggi c&#8217; \u00e8 questo problema di fondo. La morte deve apparire bella. Solo che non lo \u00e8, mai.<br \/>\nLa morte \u00e8 morte\u00bb. Il cardinale Edoardo Menichelli ha la voce profonda e appena arrochita, era arcivescovo di Ancona quando Francesco nel 2015 gli diede a sorpresa la porpora, un modello del pastore prediletto dal <span class=\"hiterm\">Papa<\/span>, quello con l&#8217;\u00abodore delle pecore\u00bb. E lui il pastore lo aveva fatto davvero, dopo la morte dei genitori, \u00abbadare alle pecore era il lavoro pi\u00f9 semplice per aiutare i nonni\u00bb, raccontava. Oggi il cardinale \u00e8 assistente spirituale dell&#8217; Associazione nazionale medici cattolici. Il clima che si avverte dopo la sentenza della Consulta sul suicidio assistito lo conosce da tempo. \u00abCredo sia arrivato il tempo di rieducarci tutti al senso della vita e della morte. Perch\u00e9, se non lo faremo, avremo una societ\u00e0 che bandir\u00e0 quelli che soffrono, come scarti\u00bb.<\/div>\n<\/div>\n<div><img loading=\"lazy\" decoding=\"async\" class=\"alignnone size-medium wp-image-3022\" src=\"https:\/\/www.diocesidiroma.it\/sanitaria\/wp-content\/uploads\/2019\/09\/il-dolore-va-lenito-Card.-Menichelli-300x205.jpg\" alt=\"\" width=\"300\" height=\"205\" srcset=\"https:\/\/www.diocesidiroma.it\/sanitaria\/wp-content\/uploads\/2019\/09\/il-dolore-va-lenito-Card.-Menichelli-300x205.jpg 300w, https:\/\/www.diocesidiroma.it\/sanitaria\/wp-content\/uploads\/2019\/09\/il-dolore-va-lenito-Card.-Menichelli-768x525.jpg 768w, https:\/\/www.diocesidiroma.it\/sanitaria\/wp-content\/uploads\/2019\/09\/il-dolore-va-lenito-Card.-Menichelli.jpg 782w\" sizes=\"auto, (max-width: 300px) 100vw, 300px\" \/><\/div>\n<div><\/div>\n<\/div>\n<\/div>\n<\/div>\n<\/div>\n<\/div>\n<\/div>\n<\/div>\n<\/div>\n<\/div>\n<\/div>\n<\/form>\n","protected":false},"excerpt":{"rendered":"\u00abIl dolore va lenito, non diventi il criterio per fermare una vita. No a scontri di parte\u00bb \u00abVede, oggi c&#8217; \u00e8 questo problema di fondo. La morte deve apparire bella. Solo che non lo \u00e8, mai. La morte \u00e8 morte\u00bb. Il cardinale Edoardo Menichelli ha la voce profonda e appena arrochita, era arcivescovo di Ancona [&hellip;]","protected":false},"author":2,"featured_media":3022,"comment_status":"closed","ping_status":"closed","sticky":false,"template":"","format":"standard","meta":{"footnotes":""},"categories":[13],"tags":[],"class_list":["post-3021","post","type-post","status-publish","format-standard","has-post-thumbnail","hentry","category-evidenza"],"_links":{"self":[{"href":"https:\/\/www.diocesidiroma.it\/sanitaria\/index.php\/wp-json\/wp\/v2\/posts\/3021","targetHints":{"allow":["GET"]}}],"collection":[{"href":"https:\/\/www.diocesidiroma.it\/sanitaria\/index.php\/wp-json\/wp\/v2\/posts"}],"about":[{"href":"https:\/\/www.diocesidiroma.it\/sanitaria\/index.php\/wp-json\/wp\/v2\/types\/post"}],"author":[{"embeddable":true,"href":"https:\/\/www.diocesidiroma.it\/sanitaria\/index.php\/wp-json\/wp\/v2\/users\/2"}],"replies":[{"embeddable":true,"href":"https:\/\/www.diocesidiroma.it\/sanitaria\/index.php\/wp-json\/wp\/v2\/comments?post=3021"}],"version-history":[{"count":1,"href":"https:\/\/www.diocesidiroma.it\/sanitaria\/index.php\/wp-json\/wp\/v2\/posts\/3021\/revisions"}],"predecessor-version":[{"id":3023,"href":"https:\/\/www.diocesidiroma.it\/sanitaria\/index.php\/wp-json\/wp\/v2\/posts\/3021\/revisions\/3023"}],"wp:featuredmedia":[{"embeddable":true,"href":"https:\/\/www.diocesidiroma.it\/sanitaria\/index.php\/wp-json\/wp\/v2\/media\/3022"}],"wp:attachment":[{"href":"https:\/\/www.diocesidiroma.it\/sanitaria\/index.php\/wp-json\/wp\/v2\/media?parent=3021"}],"wp:term":[{"taxonomy":"category","embeddable":true,"href":"https:\/\/www.diocesidiroma.it\/sanitaria\/index.php\/wp-json\/wp\/v2\/categories?post=3021"},{"taxonomy":"post_tag","embeddable":true,"href":"https:\/\/www.diocesidiroma.it\/sanitaria\/index.php\/wp-json\/wp\/v2\/tags?post=3021"}],"curies":[{"name":"wp","href":"https:\/\/api.w.org\/{rel}","templated":true}]}}