
{"id":3038,"date":"2019-10-07T10:34:47","date_gmt":"2019-10-07T08:34:47","guid":{"rendered":"https:\/\/www.diocesidiroma.it\/sanitaria\/?p=3038"},"modified":"2019-10-07T10:34:47","modified_gmt":"2019-10-07T08:34:47","slug":"pastorale-sanitaria-obiettivo-accompagnare","status":"publish","type":"post","link":"https:\/\/www.diocesidiroma.it\/sanitaria\/index.php\/pastorale-sanitaria-obiettivo-accompagnare\/","title":{"rendered":"Pastorale sanitaria, obiettivo: \u201caccompagnare\u201d"},"content":{"rendered":"<div class=\"main-wrap content-main-wrap\">\n<div class=\"content-wrap\">\n<div class=\"container layout-2-col layout-2-col-1 layout-right-sidebar layout-bc-before post-template-14 bs-lazy wfi b-error\">\n<div class=\"post-header-inner wfi\">\n<div class=\"post-header-title\">\n<h1 class=\"single-post-title\"><span style=\"color: #993300;\"><strong><span class=\"post-title\">Pastorale sanitaria, obiettivo: \u201caccompagnare\u201d<\/span><\/strong><\/span><\/h1>\n<div class=\"single-post-excerpt post-excerpt-at\">\n<p>Presentato il programma pastorale dell\u2019anno appena iniziato. Il vescovo Ricciardi: attenzione forte al tema del suicidio assistito. Istituita la Giornata mensile del malato<\/p>\n<\/div>\n<\/div>\n<\/div>\n<\/div>\n<\/div>\n<\/div>\n<div class=\"main-wrap content-main-wrap\">\n<div class=\"content-wrap\">\n<div class=\"container layout-2-col layout-2-col-1 layout-right-sidebar layout-bc-before post-template-14 bs-lazy wfi b-error\">\n<div class=\"row main-section\">\n<div class=\"col-sm-8 content-column\">\n<div class=\"single-container\">\n<article id=\"post-61060\" class=\"post-61060 post type-post status-publish format-standard has-post-thumbnail  category-in-diocesi category-salute tag-focus tag-giornata-mensile-del-malato tag-massimo-angelelli tag-paolo-ricciardi tag-pastorale-sanitaria tag-suicidio-assistito single-post-content\">\n<div class=\"entry-content clearfix single-post-content\">\n<p><strong>Nell\u2019anno pastorale<\/strong> all\u2019insegna dell\u2019ascolto del grido della citt\u00e0 il tema del suicidio assistito sar\u00e0 al centro di molti incontri perch\u00e9 rappresenta \u00abil grido di tante persone che nella sofferenza chiedono solo che qualcuno stia loro accanto\u00bb, ha aggiunto il vescovo Paolo Ricciardi, delegato per la pastorale sanitaria nella diocesi di Roma, che ha letto alcuni passi di una lettera inviatagli da una mamma di 37 anni malata di tumore.<\/p>\n<\/div>\n<div class=\"main-wrap content-main-wrap\">\n<div class=\"content-wrap\">\n<div class=\"container layout-2-col layout-2-col-1 layout-right-sidebar layout-bc-before post-template-14 bs-lazy wfi b-error\">\n<div class=\"row main-section\">\n<div class=\"col-sm-8 content-column\">\n<div class=\"single-container\">\n<article id=\"post-61060\" class=\"post-61060 post type-post status-publish format-standard has-post-thumbnail  category-in-diocesi category-salute tag-focus tag-giornata-mensile-del-malato tag-massimo-angelelli tag-paolo-ricciardi tag-pastorale-sanitaria tag-suicidio-assistito single-post-content\">\n<div class=\"entry-content clearfix single-post-content\">\n<p><strong>Una delle novit\u00e0<\/strong> del programma diocesano proposta ai parroci, ai consigli e alle equipe pastorali, ai ministri straordinari della Comunione e a chi si prende cura dei malati \u00e8 la Giornata mensile del malato, da celebrarsi l\u201911 di ogni mese.<\/p>\n<\/div>\n<\/article>\n<\/div>\n<\/div>\n<\/div>\n<\/div>\n<\/div>\n<\/div>\n<\/article>\n<\/div>\n<\/div>\n<\/div>\n<\/div>\n<\/div>\n<\/div>\n<p><img loading=\"lazy\" decoding=\"async\" class=\"alignnone  wp-image-3039\" src=\"https:\/\/www.diocesidiroma.it\/sanitaria\/wp-content\/uploads\/2019\/10\/Convegno-3-ott-300x177.jpg\" alt=\"\" width=\"425\" height=\"251\" srcset=\"https:\/\/www.diocesidiroma.it\/sanitaria\/wp-content\/uploads\/2019\/10\/Convegno-3-ott-300x177.jpg 300w, https:\/\/www.diocesidiroma.it\/sanitaria\/wp-content\/uploads\/2019\/10\/Convegno-3-ott-768x453.jpg 768w, https:\/\/www.diocesidiroma.it\/sanitaria\/wp-content\/uploads\/2019\/10\/Convegno-3-ott.jpg 980w\" sizes=\"auto, (max-width: 425px) 100vw, 425px\" \/><\/p>\n","protected":false},"excerpt":{"rendered":"Pastorale sanitaria, obiettivo: \u201caccompagnare\u201d Presentato il programma pastorale dell\u2019anno appena iniziato. Il vescovo Ricciardi: attenzione forte al tema del suicidio assistito. Istituita la Giornata mensile del malato Nell\u2019anno pastorale all\u2019insegna dell\u2019ascolto del grido della citt\u00e0 il tema del suicidio assistito sar\u00e0 al centro di molti incontri perch\u00e9 rappresenta \u00abil grido di tante persone che nella [&hellip;]","protected":false},"author":2,"featured_media":3039,"comment_status":"closed","ping_status":"closed","sticky":false,"template":"","format":"standard","meta":{"footnotes":""},"categories":[13,21],"tags":[],"class_list":["post-3038","post","type-post","status-publish","format-standard","has-post-thumbnail","hentry","category-evidenza","category-iniziative"],"_links":{"self":[{"href":"https:\/\/www.diocesidiroma.it\/sanitaria\/index.php\/wp-json\/wp\/v2\/posts\/3038","targetHints":{"allow":["GET"]}}],"collection":[{"href":"https:\/\/www.diocesidiroma.it\/sanitaria\/index.php\/wp-json\/wp\/v2\/posts"}],"about":[{"href":"https:\/\/www.diocesidiroma.it\/sanitaria\/index.php\/wp-json\/wp\/v2\/types\/post"}],"author":[{"embeddable":true,"href":"https:\/\/www.diocesidiroma.it\/sanitaria\/index.php\/wp-json\/wp\/v2\/users\/2"}],"replies":[{"embeddable":true,"href":"https:\/\/www.diocesidiroma.it\/sanitaria\/index.php\/wp-json\/wp\/v2\/comments?post=3038"}],"version-history":[{"count":1,"href":"https:\/\/www.diocesidiroma.it\/sanitaria\/index.php\/wp-json\/wp\/v2\/posts\/3038\/revisions"}],"predecessor-version":[{"id":3040,"href":"https:\/\/www.diocesidiroma.it\/sanitaria\/index.php\/wp-json\/wp\/v2\/posts\/3038\/revisions\/3040"}],"wp:featuredmedia":[{"embeddable":true,"href":"https:\/\/www.diocesidiroma.it\/sanitaria\/index.php\/wp-json\/wp\/v2\/media\/3039"}],"wp:attachment":[{"href":"https:\/\/www.diocesidiroma.it\/sanitaria\/index.php\/wp-json\/wp\/v2\/media?parent=3038"}],"wp:term":[{"taxonomy":"category","embeddable":true,"href":"https:\/\/www.diocesidiroma.it\/sanitaria\/index.php\/wp-json\/wp\/v2\/categories?post=3038"},{"taxonomy":"post_tag","embeddable":true,"href":"https:\/\/www.diocesidiroma.it\/sanitaria\/index.php\/wp-json\/wp\/v2\/tags?post=3038"}],"curies":[{"name":"wp","href":"https:\/\/api.w.org\/{rel}","templated":true}]}}