
{"id":3126,"date":"2019-10-23T09:24:27","date_gmt":"2019-10-23T07:24:27","guid":{"rendered":"https:\/\/www.diocesidiroma.it\/sanitaria\/?p=3126"},"modified":"2019-10-23T09:24:54","modified_gmt":"2019-10-23T07:24:54","slug":"intenzioni-mensili-novembre-2019","status":"publish","type":"post","link":"https:\/\/www.diocesidiroma.it\/sanitaria\/index.php\/intenzioni-mensili-novembre-2019\/","title":{"rendered":"Intenzioni mensili &#8211; Novembre 2019"},"content":{"rendered":"<p><strong>Intenzioni di preghiera<\/strong><\/p>\n<ul>\n<li>Per tutti coloro che vivono negli Hospices la fase terminale della loro esistenza terrena, perch\u00e9 curati e sostenuti dai Sacramenti e dall\u2019 amore fraterno possano con fiducia aprirsi all\u2019 abbraccio misericordioso del Padre.<\/li>\n<li>Per tutte le vittime della strada perch\u00e9 possano godere dei frutti della Pasqua del Signore e per le loro famiglie perch\u00e9 trovino il conforto della fede e solidariet\u00e0 sociale perch\u00e9 possano essere sempre pi\u00f9 eliminarsi le cause strutturali a beneficio della persona.<\/li>\n<li>Per gli anziani che vivono soli nelle case perch\u00e9 trovino nelle Comunit\u00e0 parrocchiali di appartenenza un punto di riferimento per valorizzare questa tappa preziosa della via umana.<\/li>\n<\/ul>\n<p>&nbsp;<\/p>\n<p>&nbsp;<\/p>\n","protected":false},"excerpt":{"rendered":"Intenzioni di preghiera Per tutti coloro che vivono negli Hospices la fase terminale della loro esistenza terrena, perch\u00e9 curati e sostenuti dai Sacramenti e dall\u2019 amore fraterno possano con fiducia aprirsi all\u2019 abbraccio misericordioso del Padre. Per tutte le vittime della strada perch\u00e9 possano godere dei frutti della Pasqua del Signore e per le loro [&hellip;]","protected":false},"author":2,"featured_media":0,"comment_status":"closed","ping_status":"closed","sticky":false,"template":"","format":"standard","meta":{"footnotes":""},"categories":[43],"tags":[],"class_list":["post-3126","post","type-post","status-publish","format-standard","hentry","category-intenzione"],"_links":{"self":[{"href":"https:\/\/www.diocesidiroma.it\/sanitaria\/index.php\/wp-json\/wp\/v2\/posts\/3126","targetHints":{"allow":["GET"]}}],"collection":[{"href":"https:\/\/www.diocesidiroma.it\/sanitaria\/index.php\/wp-json\/wp\/v2\/posts"}],"about":[{"href":"https:\/\/www.diocesidiroma.it\/sanitaria\/index.php\/wp-json\/wp\/v2\/types\/post"}],"author":[{"embeddable":true,"href":"https:\/\/www.diocesidiroma.it\/sanitaria\/index.php\/wp-json\/wp\/v2\/users\/2"}],"replies":[{"embeddable":true,"href":"https:\/\/www.diocesidiroma.it\/sanitaria\/index.php\/wp-json\/wp\/v2\/comments?post=3126"}],"version-history":[{"count":2,"href":"https:\/\/www.diocesidiroma.it\/sanitaria\/index.php\/wp-json\/wp\/v2\/posts\/3126\/revisions"}],"predecessor-version":[{"id":3128,"href":"https:\/\/www.diocesidiroma.it\/sanitaria\/index.php\/wp-json\/wp\/v2\/posts\/3126\/revisions\/3128"}],"wp:attachment":[{"href":"https:\/\/www.diocesidiroma.it\/sanitaria\/index.php\/wp-json\/wp\/v2\/media?parent=3126"}],"wp:term":[{"taxonomy":"category","embeddable":true,"href":"https:\/\/www.diocesidiroma.it\/sanitaria\/index.php\/wp-json\/wp\/v2\/categories?post=3126"},{"taxonomy":"post_tag","embeddable":true,"href":"https:\/\/www.diocesidiroma.it\/sanitaria\/index.php\/wp-json\/wp\/v2\/tags?post=3126"}],"curies":[{"name":"wp","href":"https:\/\/api.w.org\/{rel}","templated":true}]}}