
{"id":3213,"date":"2019-11-14T11:33:48","date_gmt":"2019-11-14T10:33:48","guid":{"rendered":"https:\/\/www.diocesidiroma.it\/sanitaria\/?p=3213"},"modified":"2019-11-15T08:39:39","modified_gmt":"2019-11-15T07:39:39","slug":"3213-2","status":"publish","type":"post","link":"https:\/\/www.diocesidiroma.it\/sanitaria\/index.php\/3213-2\/","title":{"rendered":"Testimoni del di pi\u00f9 di Misericordia"},"content":{"rendered":"<p>La malattia non pu\u00f2 identificarsi con la persona malata. Vi \u00e8 qualcosa di prezioso ed infinitamente grande quando la persona incontra sul suo cammino la malattia. Possiamo dire di inedito!<\/p>\n<p><img loading=\"lazy\" decoding=\"async\" class=\"alignnone size-medium wp-image-3214\" src=\"https:\/\/www.diocesidiroma.it\/sanitaria\/wp-content\/uploads\/2019\/11\/Malata-300x186.jpg\" alt=\"\" width=\"300\" height=\"186\" srcset=\"https:\/\/www.diocesidiroma.it\/sanitaria\/wp-content\/uploads\/2019\/11\/Malata-300x186.jpg 300w, https:\/\/www.diocesidiroma.it\/sanitaria\/wp-content\/uploads\/2019\/11\/Malata-768x475.jpg 768w, https:\/\/www.diocesidiroma.it\/sanitaria\/wp-content\/uploads\/2019\/11\/Malata-1024x634.jpg 1024w, https:\/\/www.diocesidiroma.it\/sanitaria\/wp-content\/uploads\/2019\/11\/Malata.jpg 1060w\" sizes=\"auto, (max-width: 300px) 100vw, 300px\" \/><\/p>\n<p>Ascoltando le testimonianze, che proponiamo,, esse ci consegnano frammenti di luce, di vita, di speranza che danno senso all&#8217;esperienza vissuta fino a trasformarla in offerta e in dono.<\/p>\n<p><a href=\"https:\/\/youtu.be\/h3_LdkKgBXQ\">https:\/\/youtu.be\/h3_LdkKgBXQ<\/a><\/p>\n<p>&nbsp;<\/p>\n<p><img loading=\"lazy\" decoding=\"async\" class=\"alignnone size-medium wp-image-3215\" src=\"https:\/\/www.diocesidiroma.it\/sanitaria\/wp-content\/uploads\/2019\/11\/Malata-2-300x201.jpg\" alt=\"\" width=\"300\" height=\"201\" srcset=\"https:\/\/www.diocesidiroma.it\/sanitaria\/wp-content\/uploads\/2019\/11\/Malata-2-300x201.jpg 300w, https:\/\/www.diocesidiroma.it\/sanitaria\/wp-content\/uploads\/2019\/11\/Malata-2-768x514.jpg 768w, https:\/\/www.diocesidiroma.it\/sanitaria\/wp-content\/uploads\/2019\/11\/Malata-2-1024x686.jpg 1024w, https:\/\/www.diocesidiroma.it\/sanitaria\/wp-content\/uploads\/2019\/11\/Malata-2.jpg 1126w\" sizes=\"auto, (max-width: 300px) 100vw, 300px\" \/><\/p>\n<p><a href=\"https:\/\/youtu.be\/5r5vZfkMP6A\">https:\/\/youtu.be\/5r5vZfkMP6A<\/a><\/p>\n<p><a href=\"https:\/\/youtu.be\/2a4Nvia-E0o\">https:\/\/youtu.be\/2a4Nvia-E0o<\/a><\/p>\n","protected":false},"excerpt":{"rendered":"La malattia non pu\u00f2 identificarsi con la persona malata. Vi \u00e8 qualcosa di prezioso ed infinitamente grande quando la persona incontra sul suo cammino la malattia. Possiamo dire di inedito! Ascoltando le testimonianze, che proponiamo,, esse ci consegnano frammenti di luce, di vita, di speranza che danno senso all&#8217;esperienza vissuta fino a trasformarla in offerta [&hellip;]","protected":false},"author":2,"featured_media":3214,"comment_status":"closed","ping_status":"closed","sticky":false,"template":"","format":"standard","meta":{"footnotes":""},"categories":[13,37],"tags":[],"class_list":["post-3213","post","type-post","status-publish","format-standard","has-post-thumbnail","hentry","category-evidenza","category-media"],"_links":{"self":[{"href":"https:\/\/www.diocesidiroma.it\/sanitaria\/index.php\/wp-json\/wp\/v2\/posts\/3213","targetHints":{"allow":["GET"]}}],"collection":[{"href":"https:\/\/www.diocesidiroma.it\/sanitaria\/index.php\/wp-json\/wp\/v2\/posts"}],"about":[{"href":"https:\/\/www.diocesidiroma.it\/sanitaria\/index.php\/wp-json\/wp\/v2\/types\/post"}],"author":[{"embeddable":true,"href":"https:\/\/www.diocesidiroma.it\/sanitaria\/index.php\/wp-json\/wp\/v2\/users\/2"}],"replies":[{"embeddable":true,"href":"https:\/\/www.diocesidiroma.it\/sanitaria\/index.php\/wp-json\/wp\/v2\/comments?post=3213"}],"version-history":[{"count":2,"href":"https:\/\/www.diocesidiroma.it\/sanitaria\/index.php\/wp-json\/wp\/v2\/posts\/3213\/revisions"}],"predecessor-version":[{"id":3217,"href":"https:\/\/www.diocesidiroma.it\/sanitaria\/index.php\/wp-json\/wp\/v2\/posts\/3213\/revisions\/3217"}],"wp:featuredmedia":[{"embeddable":true,"href":"https:\/\/www.diocesidiroma.it\/sanitaria\/index.php\/wp-json\/wp\/v2\/media\/3214"}],"wp:attachment":[{"href":"https:\/\/www.diocesidiroma.it\/sanitaria\/index.php\/wp-json\/wp\/v2\/media?parent=3213"}],"wp:term":[{"taxonomy":"category","embeddable":true,"href":"https:\/\/www.diocesidiroma.it\/sanitaria\/index.php\/wp-json\/wp\/v2\/categories?post=3213"},{"taxonomy":"post_tag","embeddable":true,"href":"https:\/\/www.diocesidiroma.it\/sanitaria\/index.php\/wp-json\/wp\/v2\/tags?post=3213"}],"curies":[{"name":"wp","href":"https:\/\/api.w.org\/{rel}","templated":true}]}}