
{"id":3407,"date":"2020-01-09T09:41:41","date_gmt":"2020-01-09T08:41:41","guid":{"rendered":"https:\/\/www.diocesidiroma.it\/sanitaria\/?p=3407"},"modified":"2020-01-09T09:56:30","modified_gmt":"2020-01-09T08:56:30","slug":"il-diacono-custode-del-servizio-alla-vita-nella-pastorale-della-salute-assisi-24-26-gennaio-2020","status":"publish","type":"post","link":"https:\/\/www.diocesidiroma.it\/sanitaria\/index.php\/il-diacono-custode-del-servizio-alla-vita-nella-pastorale-della-salute-assisi-24-26-gennaio-2020\/","title":{"rendered":"Il diacono \u201ccustode del servizio alla vita\u201d nella pastorale della salute  Assisi, 24-26 gennaio 2020"},"content":{"rendered":"<div class=\"row main_container\">\n<div id=\"seed_content_tbt_single\" class=\"col-lg-10 col-md-12\">\n<div class=\"seed_entry_content_tbt\">\n<div id=\"pl-9540\" class=\"panel-layout\">\n<div id=\"pg-9540-1\" class=\"panel-grid panel-has-style\">\n<div class=\"seed_content_tbt_single col-lg-12 seed_content_tbt_single_featured_image_present panel-row-style panel-row-style-for-9540-1\">\n<div id=\"pgc-9540-1-0\" class=\"panel-grid-cell\">\n<div id=\"panel-9540-1-0-1\" class=\"so-panel widget widget_siteorigin-panels-builder panel-last-child\" data-index=\"1\">\n<div class=\"seed_content_tbt_single_article col-lg-12 panel-widget-style panel-widget-style-for-9540-1-0-1\">\n<div id=\"pl-w577e0ca66d7f6\" class=\"panel-layout\">\n<div id=\"pg-w577e0ca66d7f6-1\" class=\"panel-grid panel-has-style\">\n<div class=\"row seed_content_tbt_single_article_wrapper panel-row-style panel-row-style-for-w577e0ca66d7f6-1\">\n<div id=\"pgc-w577e0ca66d7f6-1-1\" class=\"panel-grid-cell\">\n<div class=\"col-lg-9 cci-content-tbt-page-wrapper-content panel-cell-style panel-cell-style-for-w577e0ca66d7f6-1-1\">\n<div id=\"panel-w577e0ca66d7f6-1-1-0\" class=\"so-panel widget widget_text panel-first-child panel-last-child\" data-index=\"2\">\n<div class=\"textwidget\">\n<p>&nbsp;<\/p>\n<p><strong><span style=\"color: #993300;\">Questa formazione si fonder\u00e0 su una chiara posizione teologica rispetto al sacramento dell\u2019ordine nel grado del diaconato permanente, sull\u2019acquisizione di una sensibilit\u00e0 specifica al dolore innocente e la maturazione di una risposta matura di servizio di fronte ad ogni sofferenza. Altra necessit\u00e0 sar\u00e0 la disponibilit\u00e0 a riconoscere i temi attuali di bioetica che si incontrano nel ministero.<\/span><\/strong><\/p>\n<p><img loading=\"lazy\" decoding=\"async\" class=\"alignnone size-medium wp-image-3408\" src=\"https:\/\/www.diocesidiroma.it\/sanitaria\/wp-content\/uploads\/2020\/01\/Convegno-di-formazione-per-i-laici-300x197.jpg\" alt=\"\" width=\"300\" height=\"197\" srcset=\"https:\/\/www.diocesidiroma.it\/sanitaria\/wp-content\/uploads\/2020\/01\/Convegno-di-formazione-per-i-laici-300x197.jpg 300w, https:\/\/www.diocesidiroma.it\/sanitaria\/wp-content\/uploads\/2020\/01\/Convegno-di-formazione-per-i-laici-768x505.jpg 768w, https:\/\/www.diocesidiroma.it\/sanitaria\/wp-content\/uploads\/2020\/01\/Convegno-di-formazione-per-i-laici.jpg 935w\" sizes=\"auto, (max-width: 300px) 100vw, 300px\" \/><\/p>\n<p><span style=\"color: #993300;\"><strong>Le due giornate di Assisi 2020 fanno seguito alla prima giornata sul diaconato permanente in pastorale della salute realizzata nel 2018 e ai laboratori dedicati al tema realizzati negli ultimi due Convegni nazionali di Pastorale della Salute.<\/strong><\/span><\/p>\n<p><span style=\"color: #993300;\"><strong>L\u2019intenzione \u00e8 di salire un ulteriore gradino verso la definizione di un percorso completo di formazione e inquadramento, sia iniziali che continuativi, del diaconato permanente dedicato alla pastorale della salute; ministero che \u00e8 chiamato a contribuire in modo determinante -quale ministero soglia- alla Chiesa in uscita, a patto di raggiungere maggior chiarezza identitaria, prima ancora che operativa e di impegno.<\/strong><\/span><\/p>\n<\/div>\n<\/div>\n<\/div>\n<\/div>\n<\/div>\n<\/div>\n<\/div>\n<\/div>\n<\/div>\n<\/div>\n<\/div>\n<\/div>\n<\/div>\n<\/div>\n<\/div>\n<\/div>\n","protected":false},"excerpt":{"rendered":"&nbsp; Questa formazione si fonder\u00e0 su una chiara posizione teologica rispetto al sacramento dell\u2019ordine nel grado del diaconato permanente, sull\u2019acquisizione di una sensibilit\u00e0 specifica al dolore innocente e la maturazione di una risposta matura di servizio di fronte ad ogni sofferenza. Altra necessit\u00e0 sar\u00e0 la disponibilit\u00e0 a riconoscere i temi attuali di bioetica che si [&hellip;]","protected":false},"author":2,"featured_media":3408,"comment_status":"closed","ping_status":"closed","sticky":false,"template":"","format":"standard","meta":{"footnotes":""},"categories":[13,35],"tags":[],"class_list":["post-3407","post","type-post","status-publish","format-standard","has-post-thumbnail","hentry","category-evidenza","category-iniziative_esterne"],"_links":{"self":[{"href":"https:\/\/www.diocesidiroma.it\/sanitaria\/index.php\/wp-json\/wp\/v2\/posts\/3407","targetHints":{"allow":["GET"]}}],"collection":[{"href":"https:\/\/www.diocesidiroma.it\/sanitaria\/index.php\/wp-json\/wp\/v2\/posts"}],"about":[{"href":"https:\/\/www.diocesidiroma.it\/sanitaria\/index.php\/wp-json\/wp\/v2\/types\/post"}],"author":[{"embeddable":true,"href":"https:\/\/www.diocesidiroma.it\/sanitaria\/index.php\/wp-json\/wp\/v2\/users\/2"}],"replies":[{"embeddable":true,"href":"https:\/\/www.diocesidiroma.it\/sanitaria\/index.php\/wp-json\/wp\/v2\/comments?post=3407"}],"version-history":[{"count":3,"href":"https:\/\/www.diocesidiroma.it\/sanitaria\/index.php\/wp-json\/wp\/v2\/posts\/3407\/revisions"}],"predecessor-version":[{"id":3411,"href":"https:\/\/www.diocesidiroma.it\/sanitaria\/index.php\/wp-json\/wp\/v2\/posts\/3407\/revisions\/3411"}],"wp:featuredmedia":[{"embeddable":true,"href":"https:\/\/www.diocesidiroma.it\/sanitaria\/index.php\/wp-json\/wp\/v2\/media\/3408"}],"wp:attachment":[{"href":"https:\/\/www.diocesidiroma.it\/sanitaria\/index.php\/wp-json\/wp\/v2\/media?parent=3407"}],"wp:term":[{"taxonomy":"category","embeddable":true,"href":"https:\/\/www.diocesidiroma.it\/sanitaria\/index.php\/wp-json\/wp\/v2\/categories?post=3407"},{"taxonomy":"post_tag","embeddable":true,"href":"https:\/\/www.diocesidiroma.it\/sanitaria\/index.php\/wp-json\/wp\/v2\/tags?post=3407"}],"curies":[{"name":"wp","href":"https:\/\/api.w.org\/{rel}","templated":true}]}}