
{"id":3545,"date":"2020-01-20T09:27:00","date_gmt":"2020-01-20T08:27:00","guid":{"rendered":"https:\/\/www.diocesidiroma.it\/sanitaria\/?p=3545"},"modified":"2020-01-20T09:27:00","modified_gmt":"2020-01-20T08:27:00","slug":"2020-designato-anno-dellinfermiere-e-dellostetricia","status":"publish","type":"post","link":"https:\/\/www.diocesidiroma.it\/sanitaria\/index.php\/2020-designato-anno-dellinfermiere-e-dellostetricia\/","title":{"rendered":"2020 Designato Anno dell&#8217;Infermiere e dell&#8217;ostetricia"},"content":{"rendered":"<div class=\"siv-maincontainer roundwrapper\">\n<div id=\"corpo\" class=\"siv-innercontainer rounded\">\n<div class=\"documento\">\n<div class=\"testo\">\n<div class=\"text parbase vaticanrichtext\">\n<p>Cos\u00ec afferma Papa Francesco all&#8217;Angelus di Domenica 19 Gennaio 2020<\/p>\n<p><img loading=\"lazy\" decoding=\"async\" class=\"alignnone size-medium wp-image-3546\" src=\"https:\/\/www.diocesidiroma.it\/sanitaria\/wp-content\/uploads\/2020\/01\/Papa-Angelus-sorriso-obliquo-300x150.jpg\" alt=\"\" width=\"300\" height=\"150\" srcset=\"https:\/\/www.diocesidiroma.it\/sanitaria\/wp-content\/uploads\/2020\/01\/Papa-Angelus-sorriso-obliquo-300x150.jpg 300w, https:\/\/www.diocesidiroma.it\/sanitaria\/wp-content\/uploads\/2020\/01\/Papa-Angelus-sorriso-obliquo-768x384.jpg 768w, https:\/\/www.diocesidiroma.it\/sanitaria\/wp-content\/uploads\/2020\/01\/Papa-Angelus-sorriso-obliquo-1024x512.jpg 1024w, https:\/\/www.diocesidiroma.it\/sanitaria\/wp-content\/uploads\/2020\/01\/Papa-Angelus-sorriso-obliquo.jpg 1920w\" sizes=\"auto, (max-width: 300px) 100vw, 300px\" \/><\/p>\n<p>Mi fa piacere ricordare che il 2020 \u00e8 stato designato a livello internazionale come \u201cAnno dell\u2019Infermiere e dell\u2019Ostetrica\u201d. Gli infermieri sono gli operatori sanitari pi\u00f9 numerosi e pi\u00f9 vicini agli ammalati, e le ostetriche compiono forse la pi\u00f9 nobile tra le professioni.<\/p>\n<p><img loading=\"lazy\" decoding=\"async\" class=\"alignnone size-medium wp-image-3547\" src=\"https:\/\/www.diocesidiroma.it\/sanitaria\/wp-content\/uploads\/2020\/01\/infermieri-2-300x200.jpg\" alt=\"\" width=\"300\" height=\"200\" srcset=\"https:\/\/www.diocesidiroma.it\/sanitaria\/wp-content\/uploads\/2020\/01\/infermieri-2-300x200.jpg 300w, https:\/\/www.diocesidiroma.it\/sanitaria\/wp-content\/uploads\/2020\/01\/infermieri-2.jpg 600w\" sizes=\"auto, (max-width: 300px) 100vw, 300px\" \/><\/p>\n<p>Preghiamo per tutti loro, perch\u00e9 possano svolgere al meglio il loro prezioso lavoro.<\/p>\n<p><a href=\"https:\/\/www.fnopi.it\/2019\/12\/31\/2020-anno-infermiere-oms-fnopi\/\">https:\/\/www.fnopi.it\/2019\/12\/31\/2020-anno-infermiere-oms-fnopi\/<\/a><\/p>\n<\/div>\n<\/div>\n<\/div>\n<\/div>\n<\/div>\n","protected":false},"excerpt":{"rendered":"Cos\u00ec afferma Papa Francesco all&#8217;Angelus di Domenica 19 Gennaio 2020 Mi fa piacere ricordare che il 2020 \u00e8 stato designato a livello internazionale come \u201cAnno dell\u2019Infermiere e dell\u2019Ostetrica\u201d. Gli infermieri sono gli operatori sanitari pi\u00f9 numerosi e pi\u00f9 vicini agli ammalati, e le ostetriche compiono forse la pi\u00f9 nobile tra le professioni. Preghiamo per tutti [&hellip;]","protected":false},"author":2,"featured_media":3547,"comment_status":"closed","ping_status":"closed","sticky":false,"template":"","format":"standard","meta":{"footnotes":""},"categories":[13,21],"tags":[],"class_list":["post-3545","post","type-post","status-publish","format-standard","has-post-thumbnail","hentry","category-evidenza","category-iniziative"],"_links":{"self":[{"href":"https:\/\/www.diocesidiroma.it\/sanitaria\/index.php\/wp-json\/wp\/v2\/posts\/3545","targetHints":{"allow":["GET"]}}],"collection":[{"href":"https:\/\/www.diocesidiroma.it\/sanitaria\/index.php\/wp-json\/wp\/v2\/posts"}],"about":[{"href":"https:\/\/www.diocesidiroma.it\/sanitaria\/index.php\/wp-json\/wp\/v2\/types\/post"}],"author":[{"embeddable":true,"href":"https:\/\/www.diocesidiroma.it\/sanitaria\/index.php\/wp-json\/wp\/v2\/users\/2"}],"replies":[{"embeddable":true,"href":"https:\/\/www.diocesidiroma.it\/sanitaria\/index.php\/wp-json\/wp\/v2\/comments?post=3545"}],"version-history":[{"count":1,"href":"https:\/\/www.diocesidiroma.it\/sanitaria\/index.php\/wp-json\/wp\/v2\/posts\/3545\/revisions"}],"predecessor-version":[{"id":3548,"href":"https:\/\/www.diocesidiroma.it\/sanitaria\/index.php\/wp-json\/wp\/v2\/posts\/3545\/revisions\/3548"}],"wp:featuredmedia":[{"embeddable":true,"href":"https:\/\/www.diocesidiroma.it\/sanitaria\/index.php\/wp-json\/wp\/v2\/media\/3547"}],"wp:attachment":[{"href":"https:\/\/www.diocesidiroma.it\/sanitaria\/index.php\/wp-json\/wp\/v2\/media?parent=3545"}],"wp:term":[{"taxonomy":"category","embeddable":true,"href":"https:\/\/www.diocesidiroma.it\/sanitaria\/index.php\/wp-json\/wp\/v2\/categories?post=3545"},{"taxonomy":"post_tag","embeddable":true,"href":"https:\/\/www.diocesidiroma.it\/sanitaria\/index.php\/wp-json\/wp\/v2\/tags?post=3545"}],"curies":[{"name":"wp","href":"https:\/\/api.w.org\/{rel}","templated":true}]}}