
{"id":3597,"date":"2020-01-30T08:56:36","date_gmt":"2020-01-30T07:56:36","guid":{"rendered":"https:\/\/www.diocesidiroma.it\/sanitaria\/?p=3597"},"modified":"2020-01-30T09:02:18","modified_gmt":"2020-01-30T08:02:18","slug":"so-stare-accanto-a-chi-soffre-la-relazione-di-aiuto-video-del-21-gennaio-2020","status":"publish","type":"post","link":"https:\/\/www.diocesidiroma.it\/sanitaria\/index.php\/so-stare-accanto-a-chi-soffre-la-relazione-di-aiuto-video-del-21-gennaio-2020\/","title":{"rendered":"So-stare accanto a chi soffre: la relazione di aiuto &#8211; Video del 21 Gennaio 2020"},"content":{"rendered":"<p><span style=\"color: #993300;\"><strong>Ascoltare non \u00e8 semplice n\u00e8 facile ma \u00e8 possibile nella misura in cui si riesce a fare spazio all&#8217;altro da s\u00e8. Il video dell&#8217;incontro del 21 Gennaio <em>Per un di pi\u00f9 di Misericordia.<\/em><\/strong><\/span><\/p>\n<p><img loading=\"lazy\" decoding=\"async\" class=\"alignnone size-medium wp-image-3594\" src=\"https:\/\/www.diocesidiroma.it\/sanitaria\/wp-content\/uploads\/2020\/01\/Don-Cesar-300x187.jpg\" alt=\"\" width=\"300\" height=\"187\" srcset=\"https:\/\/www.diocesidiroma.it\/sanitaria\/wp-content\/uploads\/2020\/01\/Don-Cesar-300x187.jpg 300w, https:\/\/www.diocesidiroma.it\/sanitaria\/wp-content\/uploads\/2020\/01\/Don-Cesar-768x478.jpg 768w, https:\/\/www.diocesidiroma.it\/sanitaria\/wp-content\/uploads\/2020\/01\/Don-Cesar.jpg 947w\" sizes=\"auto, (max-width: 300px) 100vw, 300px\" \/><\/p>\n<p>&nbsp;<\/p>\n<p><a href=\"https:\/\/youtu.be\/49Oc4FHEw_o\">https:\/\/youtu.be\/49Oc4FHEw_o<\/a><\/p>\n","protected":false},"excerpt":{"rendered":"Ascoltare non \u00e8 semplice n\u00e8 facile ma \u00e8 possibile nella misura in cui si riesce a fare spazio all&#8217;altro da s\u00e8. Il video dell&#8217;incontro del 21 Gennaio Per un di pi\u00f9 di Misericordia. &nbsp; https:\/\/youtu.be\/49Oc4FHEw_o","protected":false},"author":2,"featured_media":3594,"comment_status":"closed","ping_status":"closed","sticky":false,"template":"","format":"standard","meta":{"footnotes":""},"categories":[13,46],"tags":[],"class_list":["post-3597","post","type-post","status-publish","format-standard","has-post-thumbnail","hentry","category-evidenza","category-misericordia"],"_links":{"self":[{"href":"https:\/\/www.diocesidiroma.it\/sanitaria\/index.php\/wp-json\/wp\/v2\/posts\/3597","targetHints":{"allow":["GET"]}}],"collection":[{"href":"https:\/\/www.diocesidiroma.it\/sanitaria\/index.php\/wp-json\/wp\/v2\/posts"}],"about":[{"href":"https:\/\/www.diocesidiroma.it\/sanitaria\/index.php\/wp-json\/wp\/v2\/types\/post"}],"author":[{"embeddable":true,"href":"https:\/\/www.diocesidiroma.it\/sanitaria\/index.php\/wp-json\/wp\/v2\/users\/2"}],"replies":[{"embeddable":true,"href":"https:\/\/www.diocesidiroma.it\/sanitaria\/index.php\/wp-json\/wp\/v2\/comments?post=3597"}],"version-history":[{"count":3,"href":"https:\/\/www.diocesidiroma.it\/sanitaria\/index.php\/wp-json\/wp\/v2\/posts\/3597\/revisions"}],"predecessor-version":[{"id":3601,"href":"https:\/\/www.diocesidiroma.it\/sanitaria\/index.php\/wp-json\/wp\/v2\/posts\/3597\/revisions\/3601"}],"wp:featuredmedia":[{"embeddable":true,"href":"https:\/\/www.diocesidiroma.it\/sanitaria\/index.php\/wp-json\/wp\/v2\/media\/3594"}],"wp:attachment":[{"href":"https:\/\/www.diocesidiroma.it\/sanitaria\/index.php\/wp-json\/wp\/v2\/media?parent=3597"}],"wp:term":[{"taxonomy":"category","embeddable":true,"href":"https:\/\/www.diocesidiroma.it\/sanitaria\/index.php\/wp-json\/wp\/v2\/categories?post=3597"},{"taxonomy":"post_tag","embeddable":true,"href":"https:\/\/www.diocesidiroma.it\/sanitaria\/index.php\/wp-json\/wp\/v2\/tags?post=3597"}],"curies":[{"name":"wp","href":"https:\/\/api.w.org\/{rel}","templated":true}]}}