
{"id":3811,"date":"2020-03-15T08:36:47","date_gmt":"2020-03-15T07:36:47","guid":{"rendered":"https:\/\/www.diocesidiroma.it\/sanitaria\/?p=3811"},"modified":"2020-03-15T09:44:32","modified_gmt":"2020-03-15T08:44:32","slug":"nostalgia-di-un-abbraccio-commento-alla-parabola-del-padre-misericordioso","status":"publish","type":"post","link":"https:\/\/www.diocesidiroma.it\/sanitaria\/index.php\/nostalgia-di-un-abbraccio-commento-alla-parabola-del-padre-misericordioso\/","title":{"rendered":"Nostalgia di un abbraccio &#8211; commento alla Parabola del Padre Misericordioso"},"content":{"rendered":"<div id=\"id_5e6dd9e10796c9937992056\" class=\"text_exposed_root text_exposed\">\n<p>NOSTALGIA DI UN ABBRACCIO<\/p>\n<p>La parabola del Padre misericordioso, che segna il sabato della II settimana di quaresima, \u00e8 il capolavoro del vangelo.<br \/>\nAscoltare questo racconto per la millesima volta \u00e8 come ascoltarlo per la prima volta. Non pu\u00f2 non commuoverci, guardando a questo Padre che lascia il figlio libero di perdersi, di andare via, di sperperare tutto, ma che lo lascia anche libero di tornare, per accoglierlo di nuovo da figlio nella sua casa e fare festa per lui.<br \/>\nQuest&#8217;<span class=\"text_exposed_show\">anno ci\u00f2 che colpisce di pi\u00f9 la nostra attenzione \u00e8 il gesto del Padre di gettarsi al collo del figlio e di baciarlo. Quanto ci manca l\u2019abbraccio e il bacio in questi giorni! Quanto ci costa essere cos\u00ec lontani, il \u201cprenderci le misure\u201d, quando desidereremmo tutti annullare queste distanze ed abbracciarci di nuovo!<br \/>\nCome sar\u00e0 bello, speriamo il prima possibile, quando qualcuno ci dir\u00e0: \u201cVia, potete abbracciarvi!\u201d.<br \/>\nE se tutto questo desiderio fosse un segno che ci viene dato per anelare all\u2019abbraccio di Dio? Se tutto fosse orientato a riscoprire quell\u2019Amore, quel perdono, quella festa ricca di misericordia?<br \/>\nS\u00ec, forse il Signore ci sta educando a riscoprire ci\u00f2 che Essenziale.<br \/>\nOggi non mi importa rispiegare il senso \u2013 che ben conosciamo \u2013 di questa parabola. Non mi importa parlare del significato del figlio minore o di quello del figlio maggiore. Sono cose che sappiamo, anche se fa bene rinfrescare la memoria del cuore. Oggi voglio solo riscoprire quell\u2019abbraccio di un padre che ritrova un figlio perduto, come morto.<br \/>\nOggi voglio vivere anch\u2019io la bellissima festa, con musica e danze, di quella casa\u2026 mi ritrovo l\u2019anello al dito, mi sento rinato. Questa \u00e8 la vera nascita, da vivere ancor pi\u00f9 di un compleanno: la gioia di essere amati, di essere abbracciati, di essere baciati da Dio.<\/span><\/p>\n<p><img loading=\"lazy\" decoding=\"async\" class=\"alignnone size-medium wp-image-3812\" src=\"https:\/\/www.diocesidiroma.it\/sanitaria\/wp-content\/uploads\/2020\/03\/foto-300x225.jpg\" alt=\"\" width=\"300\" height=\"225\" srcset=\"https:\/\/www.diocesidiroma.it\/sanitaria\/wp-content\/uploads\/2020\/03\/foto-300x225.jpg 300w, https:\/\/www.diocesidiroma.it\/sanitaria\/wp-content\/uploads\/2020\/03\/foto.jpg 640w\" sizes=\"auto, (max-width: 300px) 100vw, 300px\" \/><\/p>\n<\/div>\n","protected":false},"excerpt":{"rendered":"NOSTALGIA DI UN ABBRACCIO La parabola del Padre misericordioso, che segna il sabato della II settimana di quaresima, \u00e8 il capolavoro del vangelo. Ascoltare questo racconto per la millesima volta \u00e8 come ascoltarlo per la prima volta. Non pu\u00f2 non commuoverci, guardando a questo Padre che lascia il figlio libero di perdersi, di andare via, [&hellip;]","protected":false},"author":2,"featured_media":3812,"comment_status":"closed","ping_status":"closed","sticky":false,"template":"","format":"standard","meta":{"footnotes":""},"categories":[13,30],"tags":[],"class_list":["post-3811","post","type-post","status-publish","format-standard","has-post-thumbnail","hentry","category-evidenza","category-riflessioni_vescovo-ricciardi"],"_links":{"self":[{"href":"https:\/\/www.diocesidiroma.it\/sanitaria\/index.php\/wp-json\/wp\/v2\/posts\/3811","targetHints":{"allow":["GET"]}}],"collection":[{"href":"https:\/\/www.diocesidiroma.it\/sanitaria\/index.php\/wp-json\/wp\/v2\/posts"}],"about":[{"href":"https:\/\/www.diocesidiroma.it\/sanitaria\/index.php\/wp-json\/wp\/v2\/types\/post"}],"author":[{"embeddable":true,"href":"https:\/\/www.diocesidiroma.it\/sanitaria\/index.php\/wp-json\/wp\/v2\/users\/2"}],"replies":[{"embeddable":true,"href":"https:\/\/www.diocesidiroma.it\/sanitaria\/index.php\/wp-json\/wp\/v2\/comments?post=3811"}],"version-history":[{"count":1,"href":"https:\/\/www.diocesidiroma.it\/sanitaria\/index.php\/wp-json\/wp\/v2\/posts\/3811\/revisions"}],"predecessor-version":[{"id":3813,"href":"https:\/\/www.diocesidiroma.it\/sanitaria\/index.php\/wp-json\/wp\/v2\/posts\/3811\/revisions\/3813"}],"wp:featuredmedia":[{"embeddable":true,"href":"https:\/\/www.diocesidiroma.it\/sanitaria\/index.php\/wp-json\/wp\/v2\/media\/3812"}],"wp:attachment":[{"href":"https:\/\/www.diocesidiroma.it\/sanitaria\/index.php\/wp-json\/wp\/v2\/media?parent=3811"}],"wp:term":[{"taxonomy":"category","embeddable":true,"href":"https:\/\/www.diocesidiroma.it\/sanitaria\/index.php\/wp-json\/wp\/v2\/categories?post=3811"},{"taxonomy":"post_tag","embeddable":true,"href":"https:\/\/www.diocesidiroma.it\/sanitaria\/index.php\/wp-json\/wp\/v2\/tags?post=3811"}],"curies":[{"name":"wp","href":"https:\/\/api.w.org\/{rel}","templated":true}]}}