
{"id":3847,"date":"2020-03-19T10:22:29","date_gmt":"2020-03-19T09:22:29","guid":{"rendered":"https:\/\/www.diocesidiroma.it\/sanitaria\/?p=3847"},"modified":"2020-03-20T11:16:46","modified_gmt":"2020-03-20T10:16:46","slug":"19-marzo-2020-ore-21-00-la-chiesa-in-preghiera","status":"publish","type":"post","link":"https:\/\/www.diocesidiroma.it\/sanitaria\/index.php\/19-marzo-2020-ore-21-00-la-chiesa-in-preghiera\/","title":{"rendered":"19 Marzo 2020 ore 21.00 &#8211; La Chiesa in preghiera"},"content":{"rendered":"<p>In questo momento di emergenza sanitaria, la Chiesa italiana prega e invita a pregare per tutto il Paese. Lo facciamo in questo giorno dedicato alla festa di San Giuseppe, sposo della Beata Vergine Maria, patrono della Chiesa universale, invitando ogni famiglia, ogni fedele, ogni comunit\u00e0 religiosa a recitare in casa il Rosario. Contempliamo i Misteri della Luce per vivere questa preghiera come \u00abvera introduzione alla profondit\u00e0 del Cuore di Cristo, abisso di gioia e di luce, di dolore e di gloria\u00bb (San Giovanni Paolo II). In realt\u00e0, \u00e8 tutto il mistero di Cristo che \u00e8 luce. Egli \u00e8 \u00abla luce del mondo\u00bb (Gv 8, 12) e noi vogliamo seguirlo, come discepoli, sapendo che chi lo segue \u00abnon camminer\u00e0 nelle tenebre, ma avr\u00e0 la luce della vita\u00bb.<\/p>\n<p><img loading=\"lazy\" decoding=\"async\" class=\"alignnone size-medium wp-image-3848\" src=\"https:\/\/www.diocesidiroma.it\/sanitaria\/wp-content\/uploads\/2020\/03\/Sussidio-S-230x300.jpg\" alt=\"\" width=\"230\" height=\"300\" srcset=\"https:\/\/www.diocesidiroma.it\/sanitaria\/wp-content\/uploads\/2020\/03\/Sussidio-S-230x300.jpg 230w, https:\/\/www.diocesidiroma.it\/sanitaria\/wp-content\/uploads\/2020\/03\/Sussidio-S.jpg 523w\" sizes=\"auto, (max-width: 230px) 100vw, 230px\" \/><\/p>\n<iframe loading=\"lazy\" class=\"pdfjs-viewer\" width=\"800px\" height=\"600px\" src=\"https:\/\/www.diocesidiroma.it\/sanitaria\/wp-content\/plugins\/pdf-viewer\/stable\/web\/viewer.html?file=https:\/\/www.diocesidiroma.it\/sanitaria\/wp-content\/uploads\/2020\/03\/Sussidio-S.-Rosario-19-marzo-2020-stampa-pdf.pdf\"><\/iframe> \n","protected":false},"excerpt":{"rendered":"In questo momento di emergenza sanitaria, la Chiesa italiana prega e invita a pregare per tutto il Paese. Lo facciamo in questo giorno dedicato alla festa di San Giuseppe, sposo della Beata Vergine Maria, patrono della Chiesa universale, invitando ogni famiglia, ogni fedele, ogni comunit\u00e0 religiosa a recitare in casa il Rosario. Contempliamo i Misteri [&hellip;]","protected":false},"author":2,"featured_media":3848,"comment_status":"closed","ping_status":"closed","sticky":false,"template":"","format":"standard","meta":{"footnotes":""},"categories":[35],"tags":[],"class_list":["post-3847","post","type-post","status-publish","format-standard","has-post-thumbnail","hentry","category-iniziative_esterne"],"_links":{"self":[{"href":"https:\/\/www.diocesidiroma.it\/sanitaria\/index.php\/wp-json\/wp\/v2\/posts\/3847","targetHints":{"allow":["GET"]}}],"collection":[{"href":"https:\/\/www.diocesidiroma.it\/sanitaria\/index.php\/wp-json\/wp\/v2\/posts"}],"about":[{"href":"https:\/\/www.diocesidiroma.it\/sanitaria\/index.php\/wp-json\/wp\/v2\/types\/post"}],"author":[{"embeddable":true,"href":"https:\/\/www.diocesidiroma.it\/sanitaria\/index.php\/wp-json\/wp\/v2\/users\/2"}],"replies":[{"embeddable":true,"href":"https:\/\/www.diocesidiroma.it\/sanitaria\/index.php\/wp-json\/wp\/v2\/comments?post=3847"}],"version-history":[{"count":1,"href":"https:\/\/www.diocesidiroma.it\/sanitaria\/index.php\/wp-json\/wp\/v2\/posts\/3847\/revisions"}],"predecessor-version":[{"id":3850,"href":"https:\/\/www.diocesidiroma.it\/sanitaria\/index.php\/wp-json\/wp\/v2\/posts\/3847\/revisions\/3850"}],"wp:featuredmedia":[{"embeddable":true,"href":"https:\/\/www.diocesidiroma.it\/sanitaria\/index.php\/wp-json\/wp\/v2\/media\/3848"}],"wp:attachment":[{"href":"https:\/\/www.diocesidiroma.it\/sanitaria\/index.php\/wp-json\/wp\/v2\/media?parent=3847"}],"wp:term":[{"taxonomy":"category","embeddable":true,"href":"https:\/\/www.diocesidiroma.it\/sanitaria\/index.php\/wp-json\/wp\/v2\/categories?post=3847"},{"taxonomy":"post_tag","embeddable":true,"href":"https:\/\/www.diocesidiroma.it\/sanitaria\/index.php\/wp-json\/wp\/v2\/tags?post=3847"}],"curies":[{"name":"wp","href":"https:\/\/api.w.org\/{rel}","templated":true}]}}