
{"id":3895,"date":"2020-04-04T08:00:57","date_gmt":"2020-04-04T06:00:57","guid":{"rendered":"https:\/\/www.diocesidiroma.it\/sanitaria\/?p=3895"},"modified":"2020-04-04T09:42:51","modified_gmt":"2020-04-04T07:42:51","slug":"commento-alla-v-settimana-di-quaresima-a","status":"publish","type":"post","link":"https:\/\/www.diocesidiroma.it\/sanitaria\/index.php\/commento-alla-v-settimana-di-quaresima-a\/","title":{"rendered":"Commenti al Vangelo V Settimana di Quaresima, A"},"content":{"rendered":"<p><strong>La Risurrezione di Lazzaro \u00e8 il segno della Pasqua ormai imminente. Con la narrazione di questo brano evangelico il preludio che la nostra liberazione \u00e8 vicina ci colma di gioia e fiduciosa speranza. Dove \u00e8 presente Ges\u00f9 la morte non ha l&#8217;ultima parola ma \u00e8 solo un sonno temporaneo. Ges\u00f9 \u00e8 la Risurrezione e la vita, chiunque crede in lui non morir\u00e0 in eterno.<\/strong><\/p>\n<p><img loading=\"lazy\" decoding=\"async\" class=\"alignnone size-full wp-image-3896\" src=\"https:\/\/www.diocesidiroma.it\/sanitaria\/wp-content\/uploads\/2020\/03\/lazzaro.jpg\" alt=\"\" width=\"259\" height=\"195\" \/><\/p>\n<p>Sabato 4 Aprile 2020<\/p>\n<div style=\"width: 640px;\" class=\"wp-video\"><!--[if lt IE 9]><script>document.createElement('video');<\/script><![endif]-->\n<video class=\"wp-video-shortcode\" id=\"video-3895-1\" width=\"640\" height=\"360\" preload=\"metadata\" controls=\"controls\"><source type=\"video\/mp4\" src=\"https:\/\/www.diocesidiroma.it\/sanitaria\/wp-content\/uploads\/2020\/04\/WhatsApp-Audio-2020-04-04-at-06.50.25.mp4?_=1\" \/><a href=\"https:\/\/www.diocesidiroma.it\/sanitaria\/wp-content\/uploads\/2020\/04\/WhatsApp-Audio-2020-04-04-at-06.50.25.mp4\">https:\/\/www.diocesidiroma.it\/sanitaria\/wp-content\/uploads\/2020\/04\/WhatsApp-Audio-2020-04-04-at-06.50.25.mp4<\/a><\/video><\/div>\n<p>Venerd\u00ec 3 Aprile 2020<\/p>\n<div style=\"width: 640px;\" class=\"wp-video\"><video class=\"wp-video-shortcode\" id=\"video-3895-2\" width=\"640\" height=\"360\" preload=\"metadata\" controls=\"controls\"><source type=\"video\/mp4\" src=\"https:\/\/www.diocesidiroma.it\/sanitaria\/wp-content\/uploads\/2020\/04\/WhatsApp-Audio-2020-04-03-at-06.47.23.mp4?_=2\" \/><a href=\"https:\/\/www.diocesidiroma.it\/sanitaria\/wp-content\/uploads\/2020\/04\/WhatsApp-Audio-2020-04-03-at-06.47.23.mp4\">https:\/\/www.diocesidiroma.it\/sanitaria\/wp-content\/uploads\/2020\/04\/WhatsApp-Audio-2020-04-03-at-06.47.23.mp4<\/a><\/video><\/div>\n<div style=\"width: 640px;\" class=\"wp-video\"><video class=\"wp-video-shortcode\" id=\"video-3895-3\" width=\"640\" height=\"360\" preload=\"metadata\" controls=\"controls\"><source type=\"video\/mp4\" src=\"https:\/\/www.diocesidiroma.it\/sanitaria\/wp-content\/uploads\/2020\/04\/WhatsApp-Audio-2020-04-03-at-06.47.23-1.mp4?_=3\" \/><a href=\"https:\/\/www.diocesidiroma.it\/sanitaria\/wp-content\/uploads\/2020\/04\/WhatsApp-Audio-2020-04-03-at-06.47.23-1.mp4\">https:\/\/www.diocesidiroma.it\/sanitaria\/wp-content\/uploads\/2020\/04\/WhatsApp-Audio-2020-04-03-at-06.47.23-1.mp4<\/a><\/video><\/div>\n<p>Gioved\u00ec 2 Aprile 2020<\/p>\n<div style=\"width: 640px;\" class=\"wp-video\"><video class=\"wp-video-shortcode\" id=\"video-3895-4\" width=\"640\" height=\"360\" preload=\"metadata\" controls=\"controls\"><source type=\"video\/mp4\" src=\"https:\/\/www.diocesidiroma.it\/sanitaria\/wp-content\/uploads\/2020\/04\/WhatsApp-Audio-2020-04-02-at-06.43.24.mp4?_=4\" \/><a href=\"https:\/\/www.diocesidiroma.it\/sanitaria\/wp-content\/uploads\/2020\/04\/WhatsApp-Audio-2020-04-02-at-06.43.24.mp4\">https:\/\/www.diocesidiroma.it\/sanitaria\/wp-content\/uploads\/2020\/04\/WhatsApp-Audio-2020-04-02-at-06.43.24.mp4<\/a><\/video><\/div>\n<p>&nbsp;<\/p>\n<p>Mercoled\u00ec 1 Aprile 2020<\/p>\n<div style=\"width: 640px;\" class=\"wp-video\"><video class=\"wp-video-shortcode\" id=\"video-3895-5\" width=\"640\" height=\"360\" preload=\"metadata\" controls=\"controls\"><source type=\"video\/mp4\" src=\"https:\/\/www.diocesidiroma.it\/sanitaria\/wp-content\/uploads\/2020\/03\/WhatsApp-Audio-2020-04-01-at-06.38.39.mp4?_=5\" \/><a href=\"https:\/\/www.diocesidiroma.it\/sanitaria\/wp-content\/uploads\/2020\/03\/WhatsApp-Audio-2020-04-01-at-06.38.39.mp4\">https:\/\/www.diocesidiroma.it\/sanitaria\/wp-content\/uploads\/2020\/03\/WhatsApp-Audio-2020-04-01-at-06.38.39.mp4<\/a><\/video><\/div>\n<p>&nbsp;<\/p>\n<p>Marted\u00ec 31 Marzo 2020<\/p>\n<div style=\"width: 640px;\" class=\"wp-video\"><video class=\"wp-video-shortcode\" id=\"video-3895-6\" width=\"640\" height=\"360\" preload=\"metadata\" controls=\"controls\"><source type=\"video\/mp4\" src=\"https:\/\/www.diocesidiroma.it\/sanitaria\/wp-content\/uploads\/2020\/03\/WhatsApp-Audio-2020-03-31-at-06.19.10.mp4?_=6\" \/><a href=\"https:\/\/www.diocesidiroma.it\/sanitaria\/wp-content\/uploads\/2020\/03\/WhatsApp-Audio-2020-03-31-at-06.19.10.mp4\">https:\/\/www.diocesidiroma.it\/sanitaria\/wp-content\/uploads\/2020\/03\/WhatsApp-Audio-2020-03-31-at-06.19.10.mp4<\/a><\/video><\/div>\n<p>&nbsp;<\/p>\n<p>Luned\u00ec 30 Marzo 2020<\/p>\n<div style=\"width: 640px;\" class=\"wp-video\"><video class=\"wp-video-shortcode\" id=\"video-3895-7\" width=\"640\" height=\"360\" preload=\"metadata\" controls=\"controls\"><source type=\"video\/mp4\" src=\"https:\/\/www.diocesidiroma.it\/sanitaria\/wp-content\/uploads\/2020\/03\/WhatsApp-Audio-2020-03-30-at-06.48.52-1.mp4?_=7\" \/><a href=\"https:\/\/www.diocesidiroma.it\/sanitaria\/wp-content\/uploads\/2020\/03\/WhatsApp-Audio-2020-03-30-at-06.48.52-1.mp4\">https:\/\/www.diocesidiroma.it\/sanitaria\/wp-content\/uploads\/2020\/03\/WhatsApp-Audio-2020-03-30-at-06.48.52-1.mp4<\/a><\/video><\/div>\n<p>&nbsp;<\/p>\n<p>Domenica 29 Marzo 2020<\/p>\n<div style=\"width: 640px;\" class=\"wp-video\"><video class=\"wp-video-shortcode\" id=\"video-3895-8\" width=\"640\" height=\"360\" preload=\"metadata\" controls=\"controls\"><source type=\"video\/mp4\" src=\"https:\/\/www.diocesidiroma.it\/sanitaria\/wp-content\/uploads\/2020\/03\/WhatsApp-Audio-2020-03-29-at-15.27.20.mp4?_=8\" \/><a href=\"https:\/\/www.diocesidiroma.it\/sanitaria\/wp-content\/uploads\/2020\/03\/WhatsApp-Audio-2020-03-29-at-15.27.20.mp4\">https:\/\/www.diocesidiroma.it\/sanitaria\/wp-content\/uploads\/2020\/03\/WhatsApp-Audio-2020-03-29-at-15.27.20.mp4<\/a><\/video><\/div>\n","protected":false},"excerpt":{"rendered":"La Risurrezione di Lazzaro \u00e8 il segno della Pasqua ormai imminente. Con la narrazione di questo brano evangelico il preludio che la nostra liberazione \u00e8 vicina ci colma di gioia e fiduciosa speranza. Dove \u00e8 presente Ges\u00f9 la morte non ha l&#8217;ultima parola ma \u00e8 solo un sonno temporaneo. Ges\u00f9 \u00e8 la Risurrezione e la [&hellip;]","protected":false},"author":2,"featured_media":3897,"comment_status":"closed","ping_status":"closed","sticky":false,"template":"","format":"standard","meta":{"footnotes":""},"categories":[13,37,30],"tags":[],"class_list":["post-3895","post","type-post","status-publish","format-standard","has-post-thumbnail","hentry","category-evidenza","category-media","category-riflessioni_vescovo-ricciardi"],"_links":{"self":[{"href":"https:\/\/www.diocesidiroma.it\/sanitaria\/index.php\/wp-json\/wp\/v2\/posts\/3895","targetHints":{"allow":["GET"]}}],"collection":[{"href":"https:\/\/www.diocesidiroma.it\/sanitaria\/index.php\/wp-json\/wp\/v2\/posts"}],"about":[{"href":"https:\/\/www.diocesidiroma.it\/sanitaria\/index.php\/wp-json\/wp\/v2\/types\/post"}],"author":[{"embeddable":true,"href":"https:\/\/www.diocesidiroma.it\/sanitaria\/index.php\/wp-json\/wp\/v2\/users\/2"}],"replies":[{"embeddable":true,"href":"https:\/\/www.diocesidiroma.it\/sanitaria\/index.php\/wp-json\/wp\/v2\/comments?post=3895"}],"version-history":[{"count":11,"href":"https:\/\/www.diocesidiroma.it\/sanitaria\/index.php\/wp-json\/wp\/v2\/posts\/3895\/revisions"}],"predecessor-version":[{"id":3927,"href":"https:\/\/www.diocesidiroma.it\/sanitaria\/index.php\/wp-json\/wp\/v2\/posts\/3895\/revisions\/3927"}],"wp:featuredmedia":[{"embeddable":true,"href":"https:\/\/www.diocesidiroma.it\/sanitaria\/index.php\/wp-json\/wp\/v2\/media\/3897"}],"wp:attachment":[{"href":"https:\/\/www.diocesidiroma.it\/sanitaria\/index.php\/wp-json\/wp\/v2\/media?parent=3895"}],"wp:term":[{"taxonomy":"category","embeddable":true,"href":"https:\/\/www.diocesidiroma.it\/sanitaria\/index.php\/wp-json\/wp\/v2\/categories?post=3895"},{"taxonomy":"post_tag","embeddable":true,"href":"https:\/\/www.diocesidiroma.it\/sanitaria\/index.php\/wp-json\/wp\/v2\/tags?post=3895"}],"curies":[{"name":"wp","href":"https:\/\/api.w.org\/{rel}","templated":true}]}}