
{"id":3928,"date":"2020-04-10T08:44:34","date_gmt":"2020-04-10T06:44:34","guid":{"rendered":"https:\/\/www.diocesidiroma.it\/sanitaria\/?p=3928"},"modified":"2020-04-10T09:47:12","modified_gmt":"2020-04-10T07:47:12","slug":"settimana-santa-sui-passi-dellamore","status":"publish","type":"post","link":"https:\/\/www.diocesidiroma.it\/sanitaria\/index.php\/settimana-santa-sui-passi-dellamore\/","title":{"rendered":"Settimana Santa &#8211; Sui passi dell&#8217;Amore"},"content":{"rendered":"<p>Venerd\u00ec santo 10 Aprile 2020<\/p>\n<p><img loading=\"lazy\" decoding=\"async\" class=\"alignnone size-medium wp-image-3958\" src=\"https:\/\/www.diocesidiroma.it\/sanitaria\/wp-content\/uploads\/2020\/04\/crocifisso-300x174.jpg\" alt=\"\" width=\"300\" height=\"174\" srcset=\"https:\/\/www.diocesidiroma.it\/sanitaria\/wp-content\/uploads\/2020\/04\/crocifisso-300x174.jpg 300w, https:\/\/www.diocesidiroma.it\/sanitaria\/wp-content\/uploads\/2020\/04\/crocifisso-768x445.jpg 768w, https:\/\/www.diocesidiroma.it\/sanitaria\/wp-content\/uploads\/2020\/04\/crocifisso-1024x593.jpg 1024w, https:\/\/www.diocesidiroma.it\/sanitaria\/wp-content\/uploads\/2020\/04\/crocifisso.jpg 1981w\" sizes=\"auto, (max-width: 300px) 100vw, 300px\" \/><\/p>\n<div style=\"width: 640px;\" class=\"wp-video\"><!--[if lt IE 9]><script>document.createElement('video');<\/script><![endif]-->\n<video class=\"wp-video-shortcode\" id=\"video-3928-1\" width=\"640\" height=\"360\" preload=\"metadata\" controls=\"controls\"><source type=\"video\/mp4\" src=\"https:\/\/www.diocesidiroma.it\/sanitaria\/wp-content\/uploads\/2020\/04\/WhatsApp-Audio-2020-04-10-at-06.46.50-1.mp4?_=1\" \/><a href=\"https:\/\/www.diocesidiroma.it\/sanitaria\/wp-content\/uploads\/2020\/04\/WhatsApp-Audio-2020-04-10-at-06.46.50-1.mp4\">https:\/\/www.diocesidiroma.it\/sanitaria\/wp-content\/uploads\/2020\/04\/WhatsApp-Audio-2020-04-10-at-06.46.50-1.mp4<\/a><\/video><\/div>\n<p><img loading=\"lazy\" decoding=\"async\" class=\"alignnone size-medium wp-image-3958\" src=\"https:\/\/www.diocesidiroma.it\/sanitaria\/wp-content\/uploads\/2020\/04\/crocifisso-300x174.jpg\" alt=\"\" width=\"300\" height=\"174\" srcset=\"https:\/\/www.diocesidiroma.it\/sanitaria\/wp-content\/uploads\/2020\/04\/crocifisso-300x174.jpg 300w, https:\/\/www.diocesidiroma.it\/sanitaria\/wp-content\/uploads\/2020\/04\/crocifisso-768x445.jpg 768w, https:\/\/www.diocesidiroma.it\/sanitaria\/wp-content\/uploads\/2020\/04\/crocifisso-1024x593.jpg 1024w, https:\/\/www.diocesidiroma.it\/sanitaria\/wp-content\/uploads\/2020\/04\/crocifisso.jpg 1981w\" sizes=\"auto, (max-width: 300px) 100vw, 300px\" \/><\/p>\n<p>&nbsp;<\/p>\n<p>Gioved\u00ec santo 9 Aprile 2020<\/p>\n<p><img loading=\"lazy\" decoding=\"async\" class=\"alignnone size-medium wp-image-3954\" src=\"https:\/\/www.diocesidiroma.it\/sanitaria\/wp-content\/uploads\/2020\/04\/lav-300x252.jpg\" alt=\"\" width=\"300\" height=\"252\" srcset=\"https:\/\/www.diocesidiroma.it\/sanitaria\/wp-content\/uploads\/2020\/04\/lav-300x252.jpg 300w, https:\/\/www.diocesidiroma.it\/sanitaria\/wp-content\/uploads\/2020\/04\/lav.jpg 512w\" sizes=\"auto, (max-width: 300px) 100vw, 300px\" \/><\/p>\n<p><a href=\"https:\/\/youtu.be\/jZshxruuD2g\">https:\/\/youtu.be\/jZshxruuD2g<\/a><\/p>\n<p>Mercoled\u00ec santo 8 Aprile 2020<\/p>\n<p><img loading=\"lazy\" decoding=\"async\" class=\"alignnone size-medium wp-image-3949\" src=\"https:\/\/www.diocesidiroma.it\/sanitaria\/wp-content\/uploads\/2020\/04\/italian-school-lombardy-17-gesc3b9-intinge-il-boccone-per-giuda-300x300.jpg\" alt=\"\" width=\"300\" height=\"300\" srcset=\"https:\/\/www.diocesidiroma.it\/sanitaria\/wp-content\/uploads\/2020\/04\/italian-school-lombardy-17-gesc3b9-intinge-il-boccone-per-giuda-300x300.jpg 300w, https:\/\/www.diocesidiroma.it\/sanitaria\/wp-content\/uploads\/2020\/04\/italian-school-lombardy-17-gesc3b9-intinge-il-boccone-per-giuda-100x100.jpg 100w, https:\/\/www.diocesidiroma.it\/sanitaria\/wp-content\/uploads\/2020\/04\/italian-school-lombardy-17-gesc3b9-intinge-il-boccone-per-giuda-90x90.jpg 90w, https:\/\/www.diocesidiroma.it\/sanitaria\/wp-content\/uploads\/2020\/04\/italian-school-lombardy-17-gesc3b9-intinge-il-boccone-per-giuda.jpg 470w\" sizes=\"auto, (max-width: 300px) 100vw, 300px\" \/><\/p>\n<p><a href=\"https:\/\/youtu.be\/AJDbLSw56-I\">https:\/\/youtu.be\/AJDbLSw56-I<\/a><\/p>\n<p>&nbsp;<\/p>\n<p>Marted\u00ec santo 7 Aprile 2020<\/p>\n<p><img loading=\"lazy\" decoding=\"async\" class=\"alignnone size-full wp-image-3946\" src=\"https:\/\/www.diocesidiroma.it\/sanitaria\/wp-content\/uploads\/2020\/04\/giovanni-il-discepolo-amato.jpg\" alt=\"\" width=\"196\" height=\"257\" \/><\/p>\n<p><a href=\"https:\/\/youtu.be\/iRwAfYfh7x0\">https:\/\/youtu.be\/iRwAfYfh7x0<\/a><\/p>\n<p>&nbsp;<\/p>\n<p><img loading=\"lazy\" decoding=\"async\" class=\"alignnone size-medium wp-image-3939\" src=\"https:\/\/www.diocesidiroma.it\/sanitaria\/wp-content\/uploads\/2020\/04\/unzione-betania-450x300-300x200.jpg\" alt=\"\" width=\"300\" height=\"200\" srcset=\"https:\/\/www.diocesidiroma.it\/sanitaria\/wp-content\/uploads\/2020\/04\/unzione-betania-450x300-300x200.jpg 300w, https:\/\/www.diocesidiroma.it\/sanitaria\/wp-content\/uploads\/2020\/04\/unzione-betania-450x300.jpg 450w\" sizes=\"auto, (max-width: 300px) 100vw, 300px\" \/><\/p>\n<p>Luned\u00ec santo 6 Aprile 2020<\/p>\n<p>&#8220;Maria allora, presa una libbra di olio profumato di vero nardo, assai prezioso, cosparse i piedi di Ges\u00f9, li asciug\u00f2 con i suoi capelli e tutta la casa si riemp\u00ec del profumo dell&#8217;unguento&#8221; (Gv 12,3)<\/p>\n<p><a href=\"https:\/\/youtu.be\/QW8Hy2cgpmQ\">https:\/\/youtu.be\/QW8Hy2cgpmQ<\/a><\/p>\n<p>In questa Domenica delle Palme siamo chiamati, per dono dello Spirito, ad entrare nel Mistero profondo del Signore che si dona per noi, Agnello mansueto e innocente per liberarci dal peccato.<\/p>\n<p><img loading=\"lazy\" decoding=\"async\" class=\"alignnone size-medium wp-image-3931\" src=\"https:\/\/www.diocesidiroma.it\/sanitaria\/wp-content\/uploads\/2020\/04\/Domenica-delle-Palme-1-300x238.jpg\" alt=\"\" width=\"300\" height=\"238\" srcset=\"https:\/\/www.diocesidiroma.it\/sanitaria\/wp-content\/uploads\/2020\/04\/Domenica-delle-Palme-1-300x238.jpg 300w, https:\/\/www.diocesidiroma.it\/sanitaria\/wp-content\/uploads\/2020\/04\/Domenica-delle-Palme-1.jpg 512w\" sizes=\"auto, (max-width: 300px) 100vw, 300px\" \/><\/p>\n<p>Domenica 5 Aprile 2020<\/p>\n<p><a href=\"https:\/\/youtu.be\/3oU6DlieW-k\">https:\/\/youtu.be\/3oU6DlieW-k<\/a><\/p>\n<p>&nbsp;<\/p>\n<p>&nbsp;<\/p>\n<p>&nbsp;<\/p>\n<p>&nbsp;<\/p>\n<p>&nbsp;<\/p>\n<p>&nbsp;<\/p>\n","protected":false},"excerpt":{"rendered":"Venerd\u00ec santo 10 Aprile 2020 &nbsp; Gioved\u00ec santo 9 Aprile 2020 https:\/\/youtu.be\/jZshxruuD2g Mercoled\u00ec santo 8 Aprile 2020 https:\/\/youtu.be\/AJDbLSw56-I &nbsp; Marted\u00ec santo 7 Aprile 2020 https:\/\/youtu.be\/iRwAfYfh7x0 &nbsp; Luned\u00ec santo 6 Aprile 2020 &#8220;Maria allora, presa una libbra di olio profumato di vero nardo, assai prezioso, cosparse i piedi di Ges\u00f9, li asciug\u00f2 con i suoi capelli [&hellip;]","protected":false},"author":2,"featured_media":3958,"comment_status":"closed","ping_status":"closed","sticky":false,"template":"","format":"standard","meta":{"footnotes":""},"categories":[13,37,30],"tags":[],"class_list":["post-3928","post","type-post","status-publish","format-standard","has-post-thumbnail","hentry","category-evidenza","category-media","category-riflessioni_vescovo-ricciardi"],"_links":{"self":[{"href":"https:\/\/www.diocesidiroma.it\/sanitaria\/index.php\/wp-json\/wp\/v2\/posts\/3928","targetHints":{"allow":["GET"]}}],"collection":[{"href":"https:\/\/www.diocesidiroma.it\/sanitaria\/index.php\/wp-json\/wp\/v2\/posts"}],"about":[{"href":"https:\/\/www.diocesidiroma.it\/sanitaria\/index.php\/wp-json\/wp\/v2\/types\/post"}],"author":[{"embeddable":true,"href":"https:\/\/www.diocesidiroma.it\/sanitaria\/index.php\/wp-json\/wp\/v2\/users\/2"}],"replies":[{"embeddable":true,"href":"https:\/\/www.diocesidiroma.it\/sanitaria\/index.php\/wp-json\/wp\/v2\/comments?post=3928"}],"version-history":[{"count":16,"href":"https:\/\/www.diocesidiroma.it\/sanitaria\/index.php\/wp-json\/wp\/v2\/posts\/3928\/revisions"}],"predecessor-version":[{"id":3960,"href":"https:\/\/www.diocesidiroma.it\/sanitaria\/index.php\/wp-json\/wp\/v2\/posts\/3928\/revisions\/3960"}],"wp:featuredmedia":[{"embeddable":true,"href":"https:\/\/www.diocesidiroma.it\/sanitaria\/index.php\/wp-json\/wp\/v2\/media\/3958"}],"wp:attachment":[{"href":"https:\/\/www.diocesidiroma.it\/sanitaria\/index.php\/wp-json\/wp\/v2\/media?parent=3928"}],"wp:term":[{"taxonomy":"category","embeddable":true,"href":"https:\/\/www.diocesidiroma.it\/sanitaria\/index.php\/wp-json\/wp\/v2\/categories?post=3928"},{"taxonomy":"post_tag","embeddable":true,"href":"https:\/\/www.diocesidiroma.it\/sanitaria\/index.php\/wp-json\/wp\/v2\/tags?post=3928"}],"curies":[{"name":"wp","href":"https:\/\/api.w.org\/{rel}","templated":true}]}}