
{"id":3972,"date":"2020-04-14T09:39:45","date_gmt":"2020-04-14T07:39:45","guid":{"rendered":"https:\/\/www.diocesidiroma.it\/sanitaria\/?p=3972"},"modified":"2020-04-14T09:43:46","modified_gmt":"2020-04-14T07:43:46","slug":"donna-perche-piangi-chi-cerchi-martedi-dellottava-di-pasqua","status":"publish","type":"post","link":"https:\/\/www.diocesidiroma.it\/sanitaria\/index.php\/donna-perche-piangi-chi-cerchi-martedi-dellottava-di-pasqua\/","title":{"rendered":"&#8220;Donna, perch\u00e8 piangi? Chi cerchi?&#8221; &#8211; Marted\u00ec di Pasqua"},"content":{"rendered":"<p><img loading=\"lazy\" decoding=\"async\" class=\"alignnone size-medium wp-image-3973\" src=\"https:\/\/www.diocesidiroma.it\/sanitaria\/wp-content\/uploads\/2020\/04\/034-1308-11-Duccio-300x262.jpg\" alt=\"\" width=\"300\" height=\"262\" srcset=\"https:\/\/www.diocesidiroma.it\/sanitaria\/wp-content\/uploads\/2020\/04\/034-1308-11-Duccio-300x262.jpg 300w, https:\/\/www.diocesidiroma.it\/sanitaria\/wp-content\/uploads\/2020\/04\/034-1308-11-Duccio-768x670.jpg 768w, https:\/\/www.diocesidiroma.it\/sanitaria\/wp-content\/uploads\/2020\/04\/034-1308-11-Duccio.jpg 850w\" sizes=\"auto, (max-width: 300px) 100vw, 300px\" \/><\/p>\n<p>Marted\u00ec di Pasqua 14 Aprile 2020<\/p>\n<p>&#8220;Donna, perch\u00e8 piangi? Chi cerchi?&#8221;. Maria non riconosce Ges\u00f9, il Risorto, se non quando la chiama per nome.<\/p>\n<div style=\"width: 640px;\" class=\"wp-video\"><!--[if lt IE 9]><script>document.createElement('video');<\/script><![endif]-->\n<video class=\"wp-video-shortcode\" id=\"video-3972-1\" width=\"640\" height=\"360\" preload=\"metadata\" controls=\"controls\"><source type=\"video\/mp4\" src=\"https:\/\/www.diocesidiroma.it\/sanitaria\/wp-content\/uploads\/2020\/04\/WhatsApp-Audio-2020-04-14-at-06.47.14.mp4?_=1\" \/><a href=\"https:\/\/www.diocesidiroma.it\/sanitaria\/wp-content\/uploads\/2020\/04\/WhatsApp-Audio-2020-04-14-at-06.47.14.mp4\">https:\/\/www.diocesidiroma.it\/sanitaria\/wp-content\/uploads\/2020\/04\/WhatsApp-Audio-2020-04-14-at-06.47.14.mp4<\/a><\/video><\/div>\n","protected":false},"excerpt":{"rendered":"Marted\u00ec di Pasqua 14 Aprile 2020 &#8220;Donna, perch\u00e8 piangi? Chi cerchi?&#8221;. Maria non riconosce Ges\u00f9, il Risorto, se non quando la chiama per nome.","protected":false},"author":2,"featured_media":3973,"comment_status":"closed","ping_status":"closed","sticky":false,"template":"","format":"standard","meta":{"footnotes":""},"categories":[13,37,30],"tags":[],"class_list":["post-3972","post","type-post","status-publish","format-standard","has-post-thumbnail","hentry","category-evidenza","category-media","category-riflessioni_vescovo-ricciardi"],"_links":{"self":[{"href":"https:\/\/www.diocesidiroma.it\/sanitaria\/index.php\/wp-json\/wp\/v2\/posts\/3972","targetHints":{"allow":["GET"]}}],"collection":[{"href":"https:\/\/www.diocesidiroma.it\/sanitaria\/index.php\/wp-json\/wp\/v2\/posts"}],"about":[{"href":"https:\/\/www.diocesidiroma.it\/sanitaria\/index.php\/wp-json\/wp\/v2\/types\/post"}],"author":[{"embeddable":true,"href":"https:\/\/www.diocesidiroma.it\/sanitaria\/index.php\/wp-json\/wp\/v2\/users\/2"}],"replies":[{"embeddable":true,"href":"https:\/\/www.diocesidiroma.it\/sanitaria\/index.php\/wp-json\/wp\/v2\/comments?post=3972"}],"version-history":[{"count":4,"href":"https:\/\/www.diocesidiroma.it\/sanitaria\/index.php\/wp-json\/wp\/v2\/posts\/3972\/revisions"}],"predecessor-version":[{"id":3978,"href":"https:\/\/www.diocesidiroma.it\/sanitaria\/index.php\/wp-json\/wp\/v2\/posts\/3972\/revisions\/3978"}],"wp:featuredmedia":[{"embeddable":true,"href":"https:\/\/www.diocesidiroma.it\/sanitaria\/index.php\/wp-json\/wp\/v2\/media\/3973"}],"wp:attachment":[{"href":"https:\/\/www.diocesidiroma.it\/sanitaria\/index.php\/wp-json\/wp\/v2\/media?parent=3972"}],"wp:term":[{"taxonomy":"category","embeddable":true,"href":"https:\/\/www.diocesidiroma.it\/sanitaria\/index.php\/wp-json\/wp\/v2\/categories?post=3972"},{"taxonomy":"post_tag","embeddable":true,"href":"https:\/\/www.diocesidiroma.it\/sanitaria\/index.php\/wp-json\/wp\/v2\/tags?post=3972"}],"curies":[{"name":"wp","href":"https:\/\/api.w.org\/{rel}","templated":true}]}}