
{"id":3994,"date":"2020-04-18T10:07:16","date_gmt":"2020-04-18T08:07:16","guid":{"rendered":"https:\/\/www.diocesidiroma.it\/sanitaria\/?p=3994"},"modified":"2020-04-18T10:12:37","modified_gmt":"2020-04-18T08:12:37","slug":"alla-fine-apparve-anche-agli-undici-sabato-di-pasqua","status":"publish","type":"post","link":"https:\/\/www.diocesidiroma.it\/sanitaria\/index.php\/alla-fine-apparve-anche-agli-undici-sabato-di-pasqua\/","title":{"rendered":"&#8220;Alla fine apparve anche agli Undici&#8221; &#8211; Sabato di Pasqua"},"content":{"rendered":"<p><img loading=\"lazy\" decoding=\"async\" class=\"alignnone size-medium wp-image-3996\" src=\"https:\/\/www.diocesidiroma.it\/sanitaria\/wp-content\/uploads\/2020\/04\/apparizione-agli-undici-300x224.jpg\" alt=\"\" width=\"300\" height=\"224\" srcset=\"https:\/\/www.diocesidiroma.it\/sanitaria\/wp-content\/uploads\/2020\/04\/apparizione-agli-undici-300x224.jpg 300w, https:\/\/www.diocesidiroma.it\/sanitaria\/wp-content\/uploads\/2020\/04\/apparizione-agli-undici.jpg 622w\" sizes=\"auto, (max-width: 300px) 100vw, 300px\" \/><\/p>\n<p>Sabato di Pasqua 18 Aprile 2020<\/p>\n<p>Marco, nel suo Vangelo, ci presenta una sintesi delle Apparizioni di Ges\u00f9 Risorto. Viene messa in risalto l&#8217;incredulit\u00e0 dei Dodici, dovuta alla loro durezza di cuore. Eppure, nonostante ci\u00f2, Ges\u00f9 continua a fidarsi di loro inviandoli quali annunciatori e testimoni del suo Mistero.<\/p>\n<div style=\"width: 640px;\" class=\"wp-video\"><!--[if lt IE 9]><script>document.createElement('video');<\/script><![endif]-->\n<video class=\"wp-video-shortcode\" id=\"video-3994-1\" width=\"640\" height=\"360\" preload=\"metadata\" controls=\"controls\"><source type=\"video\/mp4\" src=\"https:\/\/www.diocesidiroma.it\/sanitaria\/wp-content\/uploads\/2020\/04\/WhatsApp-Audio-2020-04-18-at-06.46.51.mp4?_=1\" \/><a href=\"https:\/\/www.diocesidiroma.it\/sanitaria\/wp-content\/uploads\/2020\/04\/WhatsApp-Audio-2020-04-18-at-06.46.51.mp4\">https:\/\/www.diocesidiroma.it\/sanitaria\/wp-content\/uploads\/2020\/04\/WhatsApp-Audio-2020-04-18-at-06.46.51.mp4<\/a><\/video><\/div>\n","protected":false},"excerpt":{"rendered":"Sabato di Pasqua 18 Aprile 2020 Marco, nel suo Vangelo, ci presenta una sintesi delle Apparizioni di Ges\u00f9 Risorto. Viene messa in risalto l&#8217;incredulit\u00e0 dei Dodici, dovuta alla loro durezza di cuore. Eppure, nonostante ci\u00f2, Ges\u00f9 continua a fidarsi di loro inviandoli quali annunciatori e testimoni del suo Mistero.","protected":false},"author":2,"featured_media":3996,"comment_status":"closed","ping_status":"closed","sticky":false,"template":"","format":"standard","meta":{"footnotes":""},"categories":[13,37,30],"tags":[],"class_list":["post-3994","post","type-post","status-publish","format-standard","has-post-thumbnail","hentry","category-evidenza","category-media","category-riflessioni_vescovo-ricciardi"],"_links":{"self":[{"href":"https:\/\/www.diocesidiroma.it\/sanitaria\/index.php\/wp-json\/wp\/v2\/posts\/3994","targetHints":{"allow":["GET"]}}],"collection":[{"href":"https:\/\/www.diocesidiroma.it\/sanitaria\/index.php\/wp-json\/wp\/v2\/posts"}],"about":[{"href":"https:\/\/www.diocesidiroma.it\/sanitaria\/index.php\/wp-json\/wp\/v2\/types\/post"}],"author":[{"embeddable":true,"href":"https:\/\/www.diocesidiroma.it\/sanitaria\/index.php\/wp-json\/wp\/v2\/users\/2"}],"replies":[{"embeddable":true,"href":"https:\/\/www.diocesidiroma.it\/sanitaria\/index.php\/wp-json\/wp\/v2\/comments?post=3994"}],"version-history":[{"count":3,"href":"https:\/\/www.diocesidiroma.it\/sanitaria\/index.php\/wp-json\/wp\/v2\/posts\/3994\/revisions"}],"predecessor-version":[{"id":3999,"href":"https:\/\/www.diocesidiroma.it\/sanitaria\/index.php\/wp-json\/wp\/v2\/posts\/3994\/revisions\/3999"}],"wp:featuredmedia":[{"embeddable":true,"href":"https:\/\/www.diocesidiroma.it\/sanitaria\/index.php\/wp-json\/wp\/v2\/media\/3996"}],"wp:attachment":[{"href":"https:\/\/www.diocesidiroma.it\/sanitaria\/index.php\/wp-json\/wp\/v2\/media?parent=3994"}],"wp:term":[{"taxonomy":"category","embeddable":true,"href":"https:\/\/www.diocesidiroma.it\/sanitaria\/index.php\/wp-json\/wp\/v2\/categories?post=3994"},{"taxonomy":"post_tag","embeddable":true,"href":"https:\/\/www.diocesidiroma.it\/sanitaria\/index.php\/wp-json\/wp\/v2\/tags?post=3994"}],"curies":[{"name":"wp","href":"https:\/\/api.w.org\/{rel}","templated":true}]}}