
{"id":4036,"date":"2020-05-03T14:15:14","date_gmt":"2020-05-03T12:15:14","guid":{"rendered":"https:\/\/www.diocesidiroma.it\/sanitaria\/?p=4036"},"modified":"2020-05-03T15:19:48","modified_gmt":"2020-05-03T13:19:48","slug":"desiderio-di-eucaristia-vera-lettera-di-s-e-mons-paolo-ricciardi","status":"publish","type":"post","link":"https:\/\/www.diocesidiroma.it\/sanitaria\/index.php\/desiderio-di-eucaristia-vera-lettera-di-s-e-mons-paolo-ricciardi\/","title":{"rendered":"Desiderio di Eucaristia. Vera. &#8211; Lettera di S.E. Mons. Paolo Ricciardi"},"content":{"rendered":"<p><strong>Non possiamo vivere<em> senza l\u2019Eucaristia.<\/em><\/strong><\/p>\n<p>Da venti secoli noi cristiani andiamo avanti grazie al Pane della Vita, al Pane del cammino. Non vivremmo senza, perch\u00e9 l<em>&#8216;Eucaristia \u00e8 uno squarcio di Cielo che si apre sulla terra (<\/em>cfr. <em>EE 19). <\/em>\u00c8 dunque normale, naturale che, dopo quasi due mesi di \u201cdigiuno\u201d, si alzi la voce per gridare la nostra Fame. \u00c8 segno di Amore, \u00e8 <em>nostalgia<\/em> di Dio e della comunit\u00e0. Ma la voce non si alzi <em>contro<\/em> il governo, <em>contro<\/em> la cultura che non \u00e8 pi\u00f9 cristiana o <em>contro<\/em> la societ\u00e0. Si alzi per esortare prima di tutto noi cristiani <em>a credere in ci\u00f2 che celebriamo<\/em>. Mi permetto solo di chiedere al Signore, con umilt\u00e0, di dare voce a ci\u00f2 di cui veramente la Chiesa ha bisogno, ci\u00f2 di cui le nostre anime, spesso messe a tacere, hanno fame.<\/p>\n<p><strong>S<em><strong>\u00ec,<\/strong> vogliamo celebrare l\u2019Eucaristia. Ne abbiamo necessit\u00e0<\/em><\/strong><strong>.<\/strong><\/p>\n<p><img loading=\"lazy\" decoding=\"async\" class=\"alignnone size-medium wp-image-4037\" src=\"https:\/\/www.diocesidiroma.it\/sanitaria\/wp-content\/uploads\/2020\/04\/convegno16sett2019-300x179.jpg\" alt=\"\" width=\"300\" height=\"179\" srcset=\"https:\/\/www.diocesidiroma.it\/sanitaria\/wp-content\/uploads\/2020\/04\/convegno16sett2019-300x179.jpg 300w, https:\/\/www.diocesidiroma.it\/sanitaria\/wp-content\/uploads\/2020\/04\/convegno16sett2019-768x457.jpg 768w, https:\/\/www.diocesidiroma.it\/sanitaria\/wp-content\/uploads\/2020\/04\/convegno16sett2019.jpg 789w\" sizes=\"auto, (max-width: 300px) 100vw, 300px\" \/><\/p>\n<iframe loading=\"lazy\" class=\"pdfjs-viewer\" width=\"800px\" height=\"600px\" src=\"https:\/\/www.diocesidiroma.it\/sanitaria\/wp-content\/plugins\/pdf-viewer\/stable\/web\/viewer.html?file=https:\/\/www.diocesidiroma.it\/sanitaria\/wp-content\/uploads\/2020\/04\/Desiderio-di-Eucaristia-rivisto.pdf\"><\/iframe> \n","protected":false},"excerpt":{"rendered":"Non possiamo vivere senza l\u2019Eucaristia. Da venti secoli noi cristiani andiamo avanti grazie al Pane della Vita, al Pane del cammino. Non vivremmo senza, perch\u00e9 l&#8216;Eucaristia \u00e8 uno squarcio di Cielo che si apre sulla terra (cfr. EE 19). \u00c8 dunque normale, naturale che, dopo quasi due mesi di \u201cdigiuno\u201d, si alzi la voce per [&hellip;]","protected":false},"author":2,"featured_media":4037,"comment_status":"closed","ping_status":"closed","sticky":false,"template":"","format":"standard","meta":{"footnotes":""},"categories":[13,31],"tags":[],"class_list":["post-4036","post","type-post","status-publish","format-standard","has-post-thumbnail","hentry","category-evidenza","category-scritti_vescovo-ricciardi"],"_links":{"self":[{"href":"https:\/\/www.diocesidiroma.it\/sanitaria\/index.php\/wp-json\/wp\/v2\/posts\/4036","targetHints":{"allow":["GET"]}}],"collection":[{"href":"https:\/\/www.diocesidiroma.it\/sanitaria\/index.php\/wp-json\/wp\/v2\/posts"}],"about":[{"href":"https:\/\/www.diocesidiroma.it\/sanitaria\/index.php\/wp-json\/wp\/v2\/types\/post"}],"author":[{"embeddable":true,"href":"https:\/\/www.diocesidiroma.it\/sanitaria\/index.php\/wp-json\/wp\/v2\/users\/2"}],"replies":[{"embeddable":true,"href":"https:\/\/www.diocesidiroma.it\/sanitaria\/index.php\/wp-json\/wp\/v2\/comments?post=4036"}],"version-history":[{"count":4,"href":"https:\/\/www.diocesidiroma.it\/sanitaria\/index.php\/wp-json\/wp\/v2\/posts\/4036\/revisions"}],"predecessor-version":[{"id":4058,"href":"https:\/\/www.diocesidiroma.it\/sanitaria\/index.php\/wp-json\/wp\/v2\/posts\/4036\/revisions\/4058"}],"wp:featuredmedia":[{"embeddable":true,"href":"https:\/\/www.diocesidiroma.it\/sanitaria\/index.php\/wp-json\/wp\/v2\/media\/4037"}],"wp:attachment":[{"href":"https:\/\/www.diocesidiroma.it\/sanitaria\/index.php\/wp-json\/wp\/v2\/media?parent=4036"}],"wp:term":[{"taxonomy":"category","embeddable":true,"href":"https:\/\/www.diocesidiroma.it\/sanitaria\/index.php\/wp-json\/wp\/v2\/categories?post=4036"},{"taxonomy":"post_tag","embeddable":true,"href":"https:\/\/www.diocesidiroma.it\/sanitaria\/index.php\/wp-json\/wp\/v2\/tags?post=4036"}],"curies":[{"name":"wp","href":"https:\/\/api.w.org\/{rel}","templated":true}]}}