
{"id":4050,"date":"2020-05-08T08:10:48","date_gmt":"2020-05-08T06:10:48","guid":{"rendered":"https:\/\/www.diocesidiroma.it\/sanitaria\/?p=4050"},"modified":"2020-05-09T10:45:52","modified_gmt":"2020-05-09T08:45:52","slug":"quarta-domenica-di-pasqua","status":"publish","type":"post","link":"https:\/\/www.diocesidiroma.it\/sanitaria\/index.php\/quarta-domenica-di-pasqua\/","title":{"rendered":"Quarta Settimana di Pasqua"},"content":{"rendered":"<p><strong>Sabato 9 Maggio 2020<\/strong><\/p>\n<p><strong>Ges\u00f9 continua il suo discorso ai suoi, e alla domanda di Filippo di mostrargli il Padre, d\u00e0 una risposta molto preziosa e impegnativa: Ges\u00f9 e il Padre sono una cosa sola, chi vede il Figlio vede il Padre.<\/strong><\/p>\n<div style=\"width: 640px;\" class=\"wp-video\"><!--[if lt IE 9]><script>document.createElement('video');<\/script><![endif]-->\n<video class=\"wp-video-shortcode\" id=\"video-4050-1\" width=\"640\" height=\"360\" preload=\"metadata\" controls=\"controls\"><source type=\"video\/mp4\" src=\"https:\/\/www.diocesidiroma.it\/sanitaria\/wp-content\/uploads\/2020\/05\/WhatsApp-Audio-2020-05-09-at-08.16.53.mp4?_=1\" \/><a href=\"https:\/\/www.diocesidiroma.it\/sanitaria\/wp-content\/uploads\/2020\/05\/WhatsApp-Audio-2020-05-09-at-08.16.53.mp4\">https:\/\/www.diocesidiroma.it\/sanitaria\/wp-content\/uploads\/2020\/05\/WhatsApp-Audio-2020-05-09-at-08.16.53.mp4<\/a><\/video><\/div>\n<p>&nbsp;<\/p>\n<p>&nbsp;<\/p>\n<p><strong>Venerd\u00ec 8 Maggio 2020<\/strong><\/p>\n<p><strong>Ges\u00f9 si autodefinisce la Via, la Verit\u00e0 e la Vita. Egli chiede di non temere e di avere fiducia nel Padre e anche in Lui.\u00a0<\/strong><\/p>\n<div style=\"width: 640px;\" class=\"wp-video\"><video class=\"wp-video-shortcode\" id=\"video-4050-2\" width=\"640\" height=\"360\" preload=\"metadata\" controls=\"controls\"><source type=\"video\/mp4\" src=\"https:\/\/www.diocesidiroma.it\/sanitaria\/wp-content\/uploads\/2020\/05\/WhatsApp-Audio-2020-05-08-at-06.51.07.mp4?_=2\" \/><a href=\"https:\/\/www.diocesidiroma.it\/sanitaria\/wp-content\/uploads\/2020\/05\/WhatsApp-Audio-2020-05-08-at-06.51.07.mp4\">https:\/\/www.diocesidiroma.it\/sanitaria\/wp-content\/uploads\/2020\/05\/WhatsApp-Audio-2020-05-08-at-06.51.07.mp4<\/a><\/video><\/div>\n<p><strong>Gioved\u00ec 7 Maggio 2020<\/strong><\/p>\n<p><strong>Ges\u00f9 invita a guardare alla sua persona, come colui che ha scelto di stare nel mondo non potente ma servo. Inviato dal Padre per salvare gli uomini, lo ha fatto in atteggiamento di servizio e di dono. Non si pu\u00f2 amare se non cos\u00ec.<\/strong><\/p>\n<div style=\"width: 640px;\" class=\"wp-video\"><video class=\"wp-video-shortcode\" id=\"video-4050-3\" width=\"640\" height=\"360\" preload=\"metadata\" controls=\"controls\"><source type=\"video\/mp4\" src=\"https:\/\/www.diocesidiroma.it\/sanitaria\/wp-content\/uploads\/2020\/05\/WhatsApp-Audio-2020-05-07-at-06.44.05.mp4?_=3\" \/><a href=\"https:\/\/www.diocesidiroma.it\/sanitaria\/wp-content\/uploads\/2020\/05\/WhatsApp-Audio-2020-05-07-at-06.44.05.mp4\">https:\/\/www.diocesidiroma.it\/sanitaria\/wp-content\/uploads\/2020\/05\/WhatsApp-Audio-2020-05-07-at-06.44.05.mp4<\/a><\/video><\/div>\n<p><strong>Mercoled\u00ec 6 Maggio 2020<\/strong><\/p>\n<p><strong>Ges\u00f9 non \u00e8 venuto a condannare ma a salvare perch\u00e8 Lui \u00e8 stato inviato dal Padre quale luce per rischiarare le tenebre. Chi crede in lui \u00e8 salvo.<\/strong><\/p>\n<div style=\"width: 640px;\" class=\"wp-video\"><video class=\"wp-video-shortcode\" id=\"video-4050-4\" width=\"640\" height=\"360\" preload=\"metadata\" controls=\"controls\"><source type=\"video\/mp4\" src=\"https:\/\/www.diocesidiroma.it\/sanitaria\/wp-content\/uploads\/2020\/05\/WhatsApp-Audio-2020-05-06-at-06.47.47.mp4?_=4\" \/><a href=\"https:\/\/www.diocesidiroma.it\/sanitaria\/wp-content\/uploads\/2020\/05\/WhatsApp-Audio-2020-05-06-at-06.47.47.mp4\">https:\/\/www.diocesidiroma.it\/sanitaria\/wp-content\/uploads\/2020\/05\/WhatsApp-Audio-2020-05-06-at-06.47.47.mp4<\/a><\/video><\/div>\n<p><strong>Marted\u00ec 5 Maggio 2020<\/strong><\/p>\n<p><strong>Io e il Padre siamo una cosa sola, Questa relazione di Ges\u00f9 con il Padre \u00e8 tanto fondamentale ed essenziale che qualifica l&#8217;essere stesso di Ges\u00f9.\u00a0<\/strong><\/p>\n<div style=\"width: 640px;\" class=\"wp-video\"><video class=\"wp-video-shortcode\" id=\"video-4050-5\" width=\"640\" height=\"360\" preload=\"metadata\" controls=\"controls\"><source type=\"video\/mp4\" src=\"https:\/\/www.diocesidiroma.it\/sanitaria\/wp-content\/uploads\/2020\/05\/WhatsApp-Audio-2020-05-05-at-06.38.22.mp4?_=5\" \/><a href=\"https:\/\/www.diocesidiroma.it\/sanitaria\/wp-content\/uploads\/2020\/05\/WhatsApp-Audio-2020-05-05-at-06.38.22.mp4\">https:\/\/www.diocesidiroma.it\/sanitaria\/wp-content\/uploads\/2020\/05\/WhatsApp-Audio-2020-05-05-at-06.38.22.mp4<\/a><\/video><\/div>\n<p><strong>Luned\u00ec 4 Maggio 2020<\/strong><\/p>\n<div style=\"width: 640px;\" class=\"wp-video\"><video class=\"wp-video-shortcode\" id=\"video-4050-6\" width=\"640\" height=\"360\" preload=\"metadata\" controls=\"controls\"><source type=\"video\/mp4\" src=\"https:\/\/www.diocesidiroma.it\/sanitaria\/wp-content\/uploads\/2020\/05\/WhatsApp-Audio-2020-05-04-at-06.46.36.mp4?_=6\" \/><a href=\"https:\/\/www.diocesidiroma.it\/sanitaria\/wp-content\/uploads\/2020\/05\/WhatsApp-Audio-2020-05-04-at-06.46.36.mp4\">https:\/\/www.diocesidiroma.it\/sanitaria\/wp-content\/uploads\/2020\/05\/WhatsApp-Audio-2020-05-04-at-06.46.36.mp4<\/a><\/video><\/div>\n<p>&nbsp;<\/p>\n<p><strong>Domenica 3 Maggio 2020<\/strong><\/p>\n<p><img loading=\"lazy\" decoding=\"async\" class=\"alignnone size-medium wp-image-4053\" src=\"https:\/\/www.diocesidiroma.it\/sanitaria\/wp-content\/uploads\/2020\/05\/buon-pastore-300x144.jpg\" alt=\"\" width=\"300\" height=\"144\" srcset=\"https:\/\/www.diocesidiroma.it\/sanitaria\/wp-content\/uploads\/2020\/05\/buon-pastore-300x144.jpg 300w, https:\/\/www.diocesidiroma.it\/sanitaria\/wp-content\/uploads\/2020\/05\/buon-pastore-768x368.jpg 768w, https:\/\/www.diocesidiroma.it\/sanitaria\/wp-content\/uploads\/2020\/05\/buon-pastore-1024x490.jpg 1024w, https:\/\/www.diocesidiroma.it\/sanitaria\/wp-content\/uploads\/2020\/05\/buon-pastore.jpg 1404w\" sizes=\"auto, (max-width: 300px) 100vw, 300px\" \/><\/p>\n<p><strong>Ges\u00f9 si presenta come la <em>porta<\/em> da dove entrare per trovare la salvezza e il <em>Buon Pastore<\/em> che conduce il suo gregge affinch\u00e9 abbia vita in abbondanza.<\/strong><\/p>\n<div style=\"width: 640px;\" class=\"wp-video\"><video class=\"wp-video-shortcode\" id=\"video-4050-7\" width=\"640\" height=\"360\" preload=\"metadata\" controls=\"controls\"><source type=\"video\/mp4\" src=\"https:\/\/www.diocesidiroma.it\/sanitaria\/wp-content\/uploads\/2020\/05\/WhatsApp-Audio-2020-05-03-at-08.24.47.mp4?_=7\" \/><a href=\"https:\/\/www.diocesidiroma.it\/sanitaria\/wp-content\/uploads\/2020\/05\/WhatsApp-Audio-2020-05-03-at-08.24.47.mp4\">https:\/\/www.diocesidiroma.it\/sanitaria\/wp-content\/uploads\/2020\/05\/WhatsApp-Audio-2020-05-03-at-08.24.47.mp4<\/a><\/video><\/div>\n","protected":false},"excerpt":{"rendered":"Sabato 9 Maggio 2020 Ges\u00f9 continua il suo discorso ai suoi, e alla domanda di Filippo di mostrargli il Padre, d\u00e0 una risposta molto preziosa e impegnativa: Ges\u00f9 e il Padre sono una cosa sola, chi vede il Figlio vede il Padre. &nbsp; &nbsp; Venerd\u00ec 8 Maggio 2020 Ges\u00f9 si autodefinisce la Via, la Verit\u00e0 [&hellip;]","protected":false},"author":2,"featured_media":4053,"comment_status":"closed","ping_status":"closed","sticky":false,"template":"","format":"standard","meta":{"footnotes":""},"categories":[13,37,30],"tags":[],"class_list":["post-4050","post","type-post","status-publish","format-standard","has-post-thumbnail","hentry","category-evidenza","category-media","category-riflessioni_vescovo-ricciardi"],"_links":{"self":[{"href":"https:\/\/www.diocesidiroma.it\/sanitaria\/index.php\/wp-json\/wp\/v2\/posts\/4050","targetHints":{"allow":["GET"]}}],"collection":[{"href":"https:\/\/www.diocesidiroma.it\/sanitaria\/index.php\/wp-json\/wp\/v2\/posts"}],"about":[{"href":"https:\/\/www.diocesidiroma.it\/sanitaria\/index.php\/wp-json\/wp\/v2\/types\/post"}],"author":[{"embeddable":true,"href":"https:\/\/www.diocesidiroma.it\/sanitaria\/index.php\/wp-json\/wp\/v2\/users\/2"}],"replies":[{"embeddable":true,"href":"https:\/\/www.diocesidiroma.it\/sanitaria\/index.php\/wp-json\/wp\/v2\/comments?post=4050"}],"version-history":[{"count":10,"href":"https:\/\/www.diocesidiroma.it\/sanitaria\/index.php\/wp-json\/wp\/v2\/posts\/4050\/revisions"}],"predecessor-version":[{"id":4202,"href":"https:\/\/www.diocesidiroma.it\/sanitaria\/index.php\/wp-json\/wp\/v2\/posts\/4050\/revisions\/4202"}],"wp:featuredmedia":[{"embeddable":true,"href":"https:\/\/www.diocesidiroma.it\/sanitaria\/index.php\/wp-json\/wp\/v2\/media\/4053"}],"wp:attachment":[{"href":"https:\/\/www.diocesidiroma.it\/sanitaria\/index.php\/wp-json\/wp\/v2\/media?parent=4050"}],"wp:term":[{"taxonomy":"category","embeddable":true,"href":"https:\/\/www.diocesidiroma.it\/sanitaria\/index.php\/wp-json\/wp\/v2\/categories?post=4050"},{"taxonomy":"post_tag","embeddable":true,"href":"https:\/\/www.diocesidiroma.it\/sanitaria\/index.php\/wp-json\/wp\/v2\/tags?post=4050"}],"curies":[{"name":"wp","href":"https:\/\/api.w.org\/{rel}","templated":true}]}}