
{"id":4204,"date":"2020-05-16T08:30:29","date_gmt":"2020-05-16T06:30:29","guid":{"rendered":"https:\/\/www.diocesidiroma.it\/sanitaria\/?p=4204"},"modified":"2020-05-16T11:40:50","modified_gmt":"2020-05-16T09:40:50","slug":"v-settimana-di-pasqua-a","status":"publish","type":"post","link":"https:\/\/www.diocesidiroma.it\/sanitaria\/index.php\/v-settimana-di-pasqua-a\/","title":{"rendered":"V Settimana di Pasqua, A"},"content":{"rendered":"<p><strong>Sabato 16 Maggio 2020\u00a0<\/strong><\/p>\n<p><strong>Ges\u00f9 mette in guardia dalla lotta e dalla tribolazione del mondo, ma d\u00e0 una certezza: quella di appartenergli perch\u00e9 scelti da lui.<\/strong><\/p>\n<div style=\"width: 640px;\" class=\"wp-video\"><!--[if lt IE 9]><script>document.createElement('video');<\/script><![endif]-->\n<video class=\"wp-video-shortcode\" id=\"video-4204-1\" width=\"640\" height=\"360\" preload=\"metadata\" controls=\"controls\"><source type=\"video\/mp4\" src=\"https:\/\/www.diocesidiroma.it\/sanitaria\/wp-content\/uploads\/2020\/05\/WhatsApp-Audio-2020-05-16-at-06.53.36.mp4?_=1\" \/><a href=\"https:\/\/www.diocesidiroma.it\/sanitaria\/wp-content\/uploads\/2020\/05\/WhatsApp-Audio-2020-05-16-at-06.53.36.mp4\">https:\/\/www.diocesidiroma.it\/sanitaria\/wp-content\/uploads\/2020\/05\/WhatsApp-Audio-2020-05-16-at-06.53.36.mp4<\/a><\/video><\/div>\n<p><strong>Venerd\u00ec 15 Maggio 2020<\/strong><\/p>\n<p><strong>&#8220;Non vi chiamo pi\u00f9 servi ma amici, perch\u00e9 ci\u00f2 che ho udito dal Padre ve l&#8217;ho detto!&#8221;<\/strong><\/p>\n<div style=\"width: 640px;\" class=\"wp-video\"><video class=\"wp-video-shortcode\" id=\"video-4204-2\" width=\"640\" height=\"360\" preload=\"metadata\" controls=\"controls\"><source type=\"video\/mp4\" src=\"https:\/\/www.diocesidiroma.it\/sanitaria\/wp-content\/uploads\/2020\/05\/WhatsApp-Audio-2020-05-15-at-06.51.03.mp4?_=2\" \/><a href=\"https:\/\/www.diocesidiroma.it\/sanitaria\/wp-content\/uploads\/2020\/05\/WhatsApp-Audio-2020-05-15-at-06.51.03.mp4\">https:\/\/www.diocesidiroma.it\/sanitaria\/wp-content\/uploads\/2020\/05\/WhatsApp-Audio-2020-05-15-at-06.51.03.mp4<\/a><\/video><\/div>\n<p>&nbsp;<\/p>\n<p>&nbsp;<\/p>\n<p><strong>Gioved\u00ec 14 Maggio 2020 &#8211; San Mattia, Apostolo<\/strong><\/p>\n<p><strong>Nella Festa di questo apostolo, il primo eletto dalla Comunit\u00e0 e dallo Spirito, accogliamo l&#8217;invito ancora oggi pressante di Ges\u00f9 di amare come ci ha amati lui, per rimanere nel suo amore, e in lui nell&#8217;amore del Padre.<\/strong><\/p>\n<div style=\"width: 640px;\" class=\"wp-video\"><video class=\"wp-video-shortcode\" id=\"video-4204-3\" width=\"640\" height=\"360\" preload=\"metadata\" controls=\"controls\"><source type=\"video\/mp4\" src=\"https:\/\/www.diocesidiroma.it\/sanitaria\/wp-content\/uploads\/2020\/05\/WhatsApp-Audio-2020-05-14-at-06.39.49.mp4?_=3\" \/><a href=\"https:\/\/www.diocesidiroma.it\/sanitaria\/wp-content\/uploads\/2020\/05\/WhatsApp-Audio-2020-05-14-at-06.39.49.mp4\">https:\/\/www.diocesidiroma.it\/sanitaria\/wp-content\/uploads\/2020\/05\/WhatsApp-Audio-2020-05-14-at-06.39.49.mp4<\/a><\/video><\/div>\n<p><strong>Mercoled\u00ec 13 Maggio 2020<\/strong><\/p>\n<p><strong>Rimanere in Ges\u00f9 \u00e8 anche permettere al Signore di rimanere in noi. Senza di lui non possiamo fare nulla ma Ges\u00f9, come membra del suo Corpo, ha bisogno di noi per testimoniare le grandi opere del Padre.<\/strong><\/p>\n<div style=\"width: 640px;\" class=\"wp-video\"><video class=\"wp-video-shortcode\" id=\"video-4204-4\" width=\"640\" height=\"360\" preload=\"metadata\" controls=\"controls\"><source type=\"video\/mp4\" src=\"https:\/\/www.diocesidiroma.it\/sanitaria\/wp-content\/uploads\/2020\/05\/WhatsApp-Audio-2020-05-13-at-06.46.24.mp4?_=4\" \/><a href=\"https:\/\/www.diocesidiroma.it\/sanitaria\/wp-content\/uploads\/2020\/05\/WhatsApp-Audio-2020-05-13-at-06.46.24.mp4\">https:\/\/www.diocesidiroma.it\/sanitaria\/wp-content\/uploads\/2020\/05\/WhatsApp-Audio-2020-05-13-at-06.46.24.mp4<\/a><\/video><\/div>\n<p><strong>Marted\u00ec 12 Maggio 2020<\/strong><\/p>\n<p><strong>Ges\u00f9 ci dona una pace che non appartiene al mondo. E&#8217; una pace che scaturisce dalla sua testimonianza di fedelt\u00e0 al Padre per la nostra salvezza.\u00a0<\/strong><\/p>\n<div style=\"width: 640px;\" class=\"wp-video\"><video class=\"wp-video-shortcode\" id=\"video-4204-5\" width=\"640\" height=\"360\" preload=\"metadata\" controls=\"controls\"><source type=\"video\/mp4\" src=\"https:\/\/www.diocesidiroma.it\/sanitaria\/wp-content\/uploads\/2020\/05\/WhatsApp-Audio-2020-05-12-at-06.53.00.mp4?_=5\" \/><a href=\"https:\/\/www.diocesidiroma.it\/sanitaria\/wp-content\/uploads\/2020\/05\/WhatsApp-Audio-2020-05-12-at-06.53.00.mp4\">https:\/\/www.diocesidiroma.it\/sanitaria\/wp-content\/uploads\/2020\/05\/WhatsApp-Audio-2020-05-12-at-06.53.00.mp4<\/a><\/video><\/div>\n<p>&nbsp;<\/p>\n<p><strong>Luned\u00ec 11 Maggio 2020<\/strong><\/p>\n<p>Ges\u00f9 chiede di ascoltare e accogliere la sua parola, condizione fondamentale per dimostrare l&#8217;amore per lui. Amando lui si ama anche il Padre, e in questo circolo d&#8217;amore il Padre e Figlio prendono dimora nella persona, divenuta abitazione di Dio.<\/p>\n<div style=\"width: 640px;\" class=\"wp-video\"><video class=\"wp-video-shortcode\" id=\"video-4204-6\" width=\"640\" height=\"360\" preload=\"metadata\" controls=\"controls\"><source type=\"video\/mp4\" src=\"https:\/\/www.diocesidiroma.it\/sanitaria\/wp-content\/uploads\/2020\/05\/WhatsApp-Audio-2020-05-11-at-06.39.46.mp4?_=6\" \/><a href=\"https:\/\/www.diocesidiroma.it\/sanitaria\/wp-content\/uploads\/2020\/05\/WhatsApp-Audio-2020-05-11-at-06.39.46.mp4\">https:\/\/www.diocesidiroma.it\/sanitaria\/wp-content\/uploads\/2020\/05\/WhatsApp-Audio-2020-05-11-at-06.39.46.mp4<\/a><\/video><\/div>\n<p>&nbsp;<\/p>\n<p>&nbsp;<\/p>\n<p><strong>V Domenica di Pasqua, A<\/strong><\/p>\n<p><img loading=\"lazy\" decoding=\"async\" class=\"alignnone size-medium wp-image-4205\" src=\"https:\/\/www.diocesidiroma.it\/sanitaria\/wp-content\/uploads\/2020\/05\/V-Domenica-di-Pasqua-300x166.jpg\" alt=\"\" width=\"300\" height=\"166\" srcset=\"https:\/\/www.diocesidiroma.it\/sanitaria\/wp-content\/uploads\/2020\/05\/V-Domenica-di-Pasqua-300x166.jpg 300w, https:\/\/www.diocesidiroma.it\/sanitaria\/wp-content\/uploads\/2020\/05\/V-Domenica-di-Pasqua.jpg 672w\" sizes=\"auto, (max-width: 300px) 100vw, 300px\" \/><\/p>\n<p><strong>Ges\u00f9 promette di prepararci un posto l\u00ec dove \u00e8 lui. Un posto nell&#8217;intimit\u00e0 del Padre. Lui e il Padre sono una cosa sola, ed in questa comunione intima con il Padre vuole collocare ciascuno di noi, suoi discepoli, che in lui Via e Verit\u00e0 e Vita ci conduce al Padre.<\/strong><\/p>\n<p><a href=\"https:\/\/youtu.be\/nswbQ2eyYck\">https:\/\/youtu.be\/nswbQ2eyYck<\/a><\/p>\n<p>&nbsp;<\/p>\n","protected":false},"excerpt":{"rendered":"Sabato 16 Maggio 2020\u00a0 Ges\u00f9 mette in guardia dalla lotta e dalla tribolazione del mondo, ma d\u00e0 una certezza: quella di appartenergli perch\u00e9 scelti da lui. Venerd\u00ec 15 Maggio 2020 &#8220;Non vi chiamo pi\u00f9 servi ma amici, perch\u00e9 ci\u00f2 che ho udito dal Padre ve l&#8217;ho detto!&#8221; &nbsp; &nbsp; Gioved\u00ec 14 Maggio 2020 &#8211; San [&hellip;]","protected":false},"author":2,"featured_media":4206,"comment_status":"closed","ping_status":"closed","sticky":false,"template":"","format":"standard","meta":{"footnotes":""},"categories":[13,37,30],"tags":[],"class_list":["post-4204","post","type-post","status-publish","format-standard","has-post-thumbnail","hentry","category-evidenza","category-media","category-riflessioni_vescovo-ricciardi"],"_links":{"self":[{"href":"https:\/\/www.diocesidiroma.it\/sanitaria\/index.php\/wp-json\/wp\/v2\/posts\/4204","targetHints":{"allow":["GET"]}}],"collection":[{"href":"https:\/\/www.diocesidiroma.it\/sanitaria\/index.php\/wp-json\/wp\/v2\/posts"}],"about":[{"href":"https:\/\/www.diocesidiroma.it\/sanitaria\/index.php\/wp-json\/wp\/v2\/types\/post"}],"author":[{"embeddable":true,"href":"https:\/\/www.diocesidiroma.it\/sanitaria\/index.php\/wp-json\/wp\/v2\/users\/2"}],"replies":[{"embeddable":true,"href":"https:\/\/www.diocesidiroma.it\/sanitaria\/index.php\/wp-json\/wp\/v2\/comments?post=4204"}],"version-history":[{"count":7,"href":"https:\/\/www.diocesidiroma.it\/sanitaria\/index.php\/wp-json\/wp\/v2\/posts\/4204\/revisions"}],"predecessor-version":[{"id":4280,"href":"https:\/\/www.diocesidiroma.it\/sanitaria\/index.php\/wp-json\/wp\/v2\/posts\/4204\/revisions\/4280"}],"wp:featuredmedia":[{"embeddable":true,"href":"https:\/\/www.diocesidiroma.it\/sanitaria\/index.php\/wp-json\/wp\/v2\/media\/4206"}],"wp:attachment":[{"href":"https:\/\/www.diocesidiroma.it\/sanitaria\/index.php\/wp-json\/wp\/v2\/media?parent=4204"}],"wp:term":[{"taxonomy":"category","embeddable":true,"href":"https:\/\/www.diocesidiroma.it\/sanitaria\/index.php\/wp-json\/wp\/v2\/categories?post=4204"},{"taxonomy":"post_tag","embeddable":true,"href":"https:\/\/www.diocesidiroma.it\/sanitaria\/index.php\/wp-json\/wp\/v2\/tags?post=4204"}],"curies":[{"name":"wp","href":"https:\/\/api.w.org\/{rel}","templated":true}]}}