
{"id":4219,"date":"2020-05-11T10:56:16","date_gmt":"2020-05-11T08:56:16","guid":{"rendered":"https:\/\/www.diocesidiroma.it\/sanitaria\/?p=4219"},"modified":"2020-05-12T11:48:32","modified_gmt":"2020-05-12T09:48:32","slug":"covid-19-famiglia-la-forza-della-gentilezza","status":"publish","type":"post","link":"https:\/\/www.diocesidiroma.it\/sanitaria\/index.php\/covid-19-famiglia-la-forza-della-gentilezza\/","title":{"rendered":"Covid 19 Famiglia: La forza della gentilezza"},"content":{"rendered":"<p><strong>Mercoled\u00ec 13 Maggio ore 18.00 in DIRETTA FACEBOOK il Diacono psicoterapeuta Marco Ermes Luparia:<\/strong><\/p>\n<p><strong>&#8220;La gentilezza \u00e8 un atto risolutivo di maturit\u00e0&#8221;.<\/strong><\/p>\n<p><img loading=\"lazy\" decoding=\"async\" class=\"alignnone size-medium wp-image-4220\" src=\"https:\/\/www.diocesidiroma.it\/sanitaria\/wp-content\/uploads\/2020\/05\/Luparia-300x300.png\" alt=\"\" width=\"300\" height=\"300\" srcset=\"https:\/\/www.diocesidiroma.it\/sanitaria\/wp-content\/uploads\/2020\/05\/Luparia-300x300.png 300w, https:\/\/www.diocesidiroma.it\/sanitaria\/wp-content\/uploads\/2020\/05\/Luparia-100x100.png 100w, https:\/\/www.diocesidiroma.it\/sanitaria\/wp-content\/uploads\/2020\/05\/Luparia-768x768.png 768w, https:\/\/www.diocesidiroma.it\/sanitaria\/wp-content\/uploads\/2020\/05\/Luparia-1024x1024.png 1024w, https:\/\/www.diocesidiroma.it\/sanitaria\/wp-content\/uploads\/2020\/05\/Luparia-90x90.png 90w, https:\/\/www.diocesidiroma.it\/sanitaria\/wp-content\/uploads\/2020\/05\/Luparia.png 1080w\" sizes=\"auto, (max-width: 300px) 100vw, 300px\" \/><\/p>\n","protected":false},"excerpt":{"rendered":"Mercoled\u00ec 13 Maggio ore 18.00 in DIRETTA FACEBOOK il Diacono psicoterapeuta Marco Ermes Luparia: &#8220;La gentilezza \u00e8 un atto risolutivo di maturit\u00e0&#8221;.","protected":false},"author":2,"featured_media":4220,"comment_status":"closed","ping_status":"closed","sticky":false,"template":"","format":"standard","meta":{"footnotes":""},"categories":[13,35],"tags":[],"class_list":["post-4219","post","type-post","status-publish","format-standard","has-post-thumbnail","hentry","category-evidenza","category-iniziative_esterne"],"_links":{"self":[{"href":"https:\/\/www.diocesidiroma.it\/sanitaria\/index.php\/wp-json\/wp\/v2\/posts\/4219","targetHints":{"allow":["GET"]}}],"collection":[{"href":"https:\/\/www.diocesidiroma.it\/sanitaria\/index.php\/wp-json\/wp\/v2\/posts"}],"about":[{"href":"https:\/\/www.diocesidiroma.it\/sanitaria\/index.php\/wp-json\/wp\/v2\/types\/post"}],"author":[{"embeddable":true,"href":"https:\/\/www.diocesidiroma.it\/sanitaria\/index.php\/wp-json\/wp\/v2\/users\/2"}],"replies":[{"embeddable":true,"href":"https:\/\/www.diocesidiroma.it\/sanitaria\/index.php\/wp-json\/wp\/v2\/comments?post=4219"}],"version-history":[{"count":2,"href":"https:\/\/www.diocesidiroma.it\/sanitaria\/index.php\/wp-json\/wp\/v2\/posts\/4219\/revisions"}],"predecessor-version":[{"id":4240,"href":"https:\/\/www.diocesidiroma.it\/sanitaria\/index.php\/wp-json\/wp\/v2\/posts\/4219\/revisions\/4240"}],"wp:featuredmedia":[{"embeddable":true,"href":"https:\/\/www.diocesidiroma.it\/sanitaria\/index.php\/wp-json\/wp\/v2\/media\/4220"}],"wp:attachment":[{"href":"https:\/\/www.diocesidiroma.it\/sanitaria\/index.php\/wp-json\/wp\/v2\/media?parent=4219"}],"wp:term":[{"taxonomy":"category","embeddable":true,"href":"https:\/\/www.diocesidiroma.it\/sanitaria\/index.php\/wp-json\/wp\/v2\/categories?post=4219"},{"taxonomy":"post_tag","embeddable":true,"href":"https:\/\/www.diocesidiroma.it\/sanitaria\/index.php\/wp-json\/wp\/v2\/tags?post=4219"}],"curies":[{"name":"wp","href":"https:\/\/api.w.org\/{rel}","templated":true}]}}