
{"id":4356,"date":"2020-05-20T12:35:39","date_gmt":"2020-05-20T10:35:39","guid":{"rendered":"https:\/\/www.diocesidiroma.it\/sanitaria\/?p=4356"},"modified":"2020-05-20T12:36:23","modified_gmt":"2020-05-20T10:36:23","slug":"papa-wojtyla-e-i-preti-disabili","status":"publish","type":"post","link":"https:\/\/www.diocesidiroma.it\/sanitaria\/index.php\/papa-wojtyla-e-i-preti-disabili\/","title":{"rendered":"Papa Wojtyla e i preti disabili"},"content":{"rendered":"<div class=\"art_Title\"><\/div>\n<div><img loading=\"lazy\" decoding=\"async\" class=\"alignnone size-medium wp-image-4357\" src=\"https:\/\/www.diocesidiroma.it\/sanitaria\/wp-content\/uploads\/2020\/05\/don_francesco_cristofaro-disabile-300x196.jpg\" alt=\"\" width=\"300\" height=\"196\" srcset=\"https:\/\/www.diocesidiroma.it\/sanitaria\/wp-content\/uploads\/2020\/05\/don_francesco_cristofaro-disabile-300x196.jpg 300w, https:\/\/www.diocesidiroma.it\/sanitaria\/wp-content\/uploads\/2020\/05\/don_francesco_cristofaro-disabile.jpg 752w\" sizes=\"auto, (max-width: 300px) 100vw, 300px\" \/><\/div>\n<div class=\"art_Subtitle\"><\/div>\n<div id=\"art_Content-11\" class=\"art_Content\">Il Signore disse ancora a Mos\u00e8: \u00abParla ad Aronne e digli: Nelle generazioni future nessun uomo della tua stirpe, che abbia qualche deformit\u00e0, potr\u00e0 accostarsi ad offrire il pane del suo Dio; perch\u00e9 nessun uomo che abbia qualche deformit\u00e0 potr\u00e0 accostarsi: n\u00e9 il cieco, n\u00e9 lo zoppo, n\u00e9 chi abbia il viso deforme per difetto o per eccesso, n\u00e9 chi abbia una frattura al piede o alla mano, n\u00e9 un gobbo, n\u00e9 un nano&#8230;\u00bb. Quelle prescrizioni bibliche (Levitico) pesarono per millenni sui disabili. I quali non potevano dir messa se portavano addosso il marchio (fosse l&#8217;amputazione di un dito o la cecit\u00e0 dell&#8217;occhio sinistro) di un handicap. E nonostante esempi immensi come San Francesco (\u00abIl Signore dette a me, frate Francesco, d&#8217;incominciare a fare penitenza cos\u00ec: quando ero nei peccati, mi sembrava cosa troppo amara vedere i lebbrosi; E il Signore stesso mi condusse tra loro e usai con essi misericordia\u00bb) l&#8217;idea che un corpo malato fosse frutto di una punizione divina per qualche peccato rest\u00f2 a lungo opprimente. \u00abUn&#8217;anima sana non albergher\u00e0 mai in un corpo malato\u00bb. Lo conferm\u00f2 nel 1566 il Catechismo del Concilio Tridentino: \u00abNon devono essere promossi agli ordini i deformi per qualche grave vizio corporale e gli storpi. La deformit\u00e0 ha qualcosa di ripugnante e questa menomazione pu\u00f2 ostacolare l&#8217;amministrazione dei sacramenti\u00bb. Lo ribad\u00ec perfino nel 1917 il Codice di diritto canonico di Benedetto XV, che ricordava tra gli \u00abirregolari per difetto (&#8230;) coloro che sono colpiti da menomazioni fisiche e che a causa della loro deformit\u00e0 non siano in grado di adempiere al ministero dell&#8217;altare in modo valido\u00bb. Perch\u00e9 fosse rimossa quella maledizione millenaria che aveva impedito a chiss\u00e0 quanti uomini di grande cuore, grande intelligenza, grande fede l&#8217;accesso a una vocazione piena occorrer\u00e0 aspettare addirittura il 25 gennaio 1983. Quando usc\u00ec il Nuovo Codice di Diritto Canonico. Che tra gli \u00abirregolari a ricevere gli ordini\u00bb lasci\u00f2 solo (n\u00e9 avrebbe potuto fare diversamente) \u00abchi \u00e8 affetto da qualche forma di pazzia o altra infermit\u00e0 psichica, per la quale, consultati i periti, viene giudicato inabile a svolgere nel modo appropriato il ministero\u00bb. Ma a tutti gli altri, finalmente, spalanc\u00f2 le porte. Ecco, tra i grandi passi di Giovanni Paolo II, in questi giorni di celebrazioni, sarebbe un peccato dimenticare questo.<\/div>\n<div><\/div>\n<div><a href=\"https:\/\/data.volopress.it\/getdata\/default.ashx?param=ZG9jZXh0cmVmPUNPUlNFUkFURVhUX05BWklPTkFMRV8yMDIwMDUyMF9hN2Y4NTQ2YThiZTQ4NDhmYmMxNDgzOGQxMjhlYWFhMi54bWwmdHlwZT1QREY%3d\">https:\/\/data.volopress.it\/getdata\/default.ashx?param=ZG9jZXh0cmVmPUNPUlNFUkFURVhUX05BWklPTkFMRV8yMDIwMDUyMF9hN2Y4NTQ2YThiZTQ4NDhmYmMxNDgzOGQxMjhlYWFhMi54bWwmdHlwZT1QREY%3d<\/a><\/div>\n","protected":false},"excerpt":{"rendered":"Il Signore disse ancora a Mos\u00e8: \u00abParla ad Aronne e digli: Nelle generazioni future nessun uomo della tua stirpe, che abbia qualche deformit\u00e0, potr\u00e0 accostarsi ad offrire il pane del suo Dio; perch\u00e9 nessun uomo che abbia qualche deformit\u00e0 potr\u00e0 accostarsi: n\u00e9 il cieco, n\u00e9 lo zoppo, n\u00e9 chi abbia il viso deforme per difetto [&hellip;]","protected":false},"author":2,"featured_media":4297,"comment_status":"closed","ping_status":"closed","sticky":false,"template":"","format":"standard","meta":{"footnotes":""},"categories":[51],"tags":[],"class_list":["post-4356","post","type-post","status-publish","format-standard","has-post-thumbnail","hentry","category-box"],"_links":{"self":[{"href":"https:\/\/www.diocesidiroma.it\/sanitaria\/index.php\/wp-json\/wp\/v2\/posts\/4356","targetHints":{"allow":["GET"]}}],"collection":[{"href":"https:\/\/www.diocesidiroma.it\/sanitaria\/index.php\/wp-json\/wp\/v2\/posts"}],"about":[{"href":"https:\/\/www.diocesidiroma.it\/sanitaria\/index.php\/wp-json\/wp\/v2\/types\/post"}],"author":[{"embeddable":true,"href":"https:\/\/www.diocesidiroma.it\/sanitaria\/index.php\/wp-json\/wp\/v2\/users\/2"}],"replies":[{"embeddable":true,"href":"https:\/\/www.diocesidiroma.it\/sanitaria\/index.php\/wp-json\/wp\/v2\/comments?post=4356"}],"version-history":[{"count":2,"href":"https:\/\/www.diocesidiroma.it\/sanitaria\/index.php\/wp-json\/wp\/v2\/posts\/4356\/revisions"}],"predecessor-version":[{"id":4360,"href":"https:\/\/www.diocesidiroma.it\/sanitaria\/index.php\/wp-json\/wp\/v2\/posts\/4356\/revisions\/4360"}],"wp:featuredmedia":[{"embeddable":true,"href":"https:\/\/www.diocesidiroma.it\/sanitaria\/index.php\/wp-json\/wp\/v2\/media\/4297"}],"wp:attachment":[{"href":"https:\/\/www.diocesidiroma.it\/sanitaria\/index.php\/wp-json\/wp\/v2\/media?parent=4356"}],"wp:term":[{"taxonomy":"category","embeddable":true,"href":"https:\/\/www.diocesidiroma.it\/sanitaria\/index.php\/wp-json\/wp\/v2\/categories?post=4356"},{"taxonomy":"post_tag","embeddable":true,"href":"https:\/\/www.diocesidiroma.it\/sanitaria\/index.php\/wp-json\/wp\/v2\/tags?post=4356"}],"curies":[{"name":"wp","href":"https:\/\/api.w.org\/{rel}","templated":true}]}}