
{"id":4532,"date":"2020-06-17T10:41:11","date_gmt":"2020-06-17T08:41:11","guid":{"rendered":"https:\/\/www.diocesidiroma.it\/sanitaria\/?p=4532"},"modified":"2020-06-17T10:41:11","modified_gmt":"2020-06-17T08:41:11","slug":"se-una-presenza-invisibile-silenziosa-espansiva-e-virale-ci-ha-messo-in-crisi-e-ci-ha-sconvolto-lasciamo-che-questaltra-presenza-discreta-rispettosa-e-non-invasiva-ci-chiami-di-nuovo-e-ci","status":"publish","type":"post","link":"https:\/\/www.diocesidiroma.it\/sanitaria\/index.php\/se-una-presenza-invisibile-silenziosa-espansiva-e-virale-ci-ha-messo-in-crisi-e-ci-ha-sconvolto-lasciamo-che-questaltra-presenza-discreta-rispettosa-e-non-invasiva-ci-chiami-di-nuovo-e-ci\/","title":{"rendered":"Se una presenza invisibile, silenziosa, espansiva e virale ci ha messo in crisi e ci ha sconvolto, lasciamo che quest\u2019altra Presenza discreta, rispettosa e non invasiva ci chiami di nuovo e ci insegni a non avere paura di affrontare la realt\u00e0."},"content":{"rendered":"<div class=\"siv-maincontainer roundwrapper\">\n<div id=\"corpo\" class=\"siv-innercontainer rounded\">\n<div class=\"documento\">\n<div class=\"testo\">\n<div class=\"text parbase vaticanrichtext\">\n<p><strong>In preparazione alla Solennit\u00e0 del Sacro Cuore e Giornata di Santificazione del Clero, ci lasciamo accompagnare da alcuni passaggi della Lettera di Papa Francesco al Clero romano. Nessuna delle sofferenze o tribolazioni vadano perdute a beneficio dei nostri Pastori.<\/strong><\/p>\n<p><img loading=\"lazy\" decoding=\"async\" class=\"alignnone size-medium wp-image-4533\" src=\"https:\/\/www.diocesidiroma.it\/sanitaria\/wp-content\/uploads\/2020\/06\/Lettera-del-Papa-ai-sacerdoti-Grazie-perche-continuate-a-mettervi-in-gioco-con-gioia-per-il-Vangelo_articleimage-300x179.jpg\" alt=\"\" width=\"300\" height=\"179\" srcset=\"https:\/\/www.diocesidiroma.it\/sanitaria\/wp-content\/uploads\/2020\/06\/Lettera-del-Papa-ai-sacerdoti-Grazie-perche-continuate-a-mettervi-in-gioco-con-gioia-per-il-Vangelo_articleimage-300x179.jpg 300w, https:\/\/www.diocesidiroma.it\/sanitaria\/wp-content\/uploads\/2020\/06\/Lettera-del-Papa-ai-sacerdoti-Grazie-perche-continuate-a-mettervi-in-gioco-con-gioia-per-il-Vangelo_articleimage-768x459.jpg 768w, https:\/\/www.diocesidiroma.it\/sanitaria\/wp-content\/uploads\/2020\/06\/Lettera-del-Papa-ai-sacerdoti-Grazie-perche-continuate-a-mettervi-in-gioco-con-gioia-per-il-Vangelo_articleimage.jpg 770w\" sizes=\"auto, (max-width: 300px) 100vw, 300px\" \/><\/p>\n<p><strong>&#8220;Cari fratelli, in quanto comunit\u00e0 presbiterale siamo chiamati ad annunciare e profetizzare il futuro, come la sentinella che annuncia l\u2019aurora che porta un nuovo giorno (cfr <i>Is<\/i> 21,11): o sar\u00e0 qualcosa di nuovo, o sar\u00e0 di pi\u00f9, molto di pi\u00f9 e peggio del solito. La Risurrezione non \u00e8 solo un evento storico del passato da ricordare e celebrare; \u00e8 di pi\u00f9, molto di pi\u00f9: \u00e8 l\u2019annuncio della salvezza di un tempo nuovo che risuona e gi\u00e0 irrompe oggi: \u00abProprio ora germoglia, non ve ne accorgete?\u00bb (<i>Is<\/i> 43,19); \u00e8 l\u2019<i>ad-venire<\/i> che il Signore ci chiama a costruire. La fede ci permette una realistica e creativa immaginazione, capace di abbandonare la logica della ripetizione, della sostituzione o della conservazione; ci invita ad instaurare un tempo sempre nuovo: il tempo del Signore. Se una presenza invisibile, silenziosa, espansiva e virale ci ha messo in crisi e ci ha sconvolto, lasciamo che quest\u2019altra Presenza discreta, rispettosa e non invasiva ci chiami di nuovo e ci insegni a non avere paura di affrontare la realt\u00e0. Se una presenza impalpabile \u00e8 stata in grado di scompaginare e ribaltare le priorit\u00e0 e le apparentemente inamovibili agende globali che tanto soffocano e devastano le nostre comunit\u00e0 e nostra sorella terra, non temiamo che sia la presenza del Risorto a tracciare il nostro percorso, ad aprire orizzonti e a darci il coraggio di vivere questo momento storico e singolare. Un pugno di uomini paurosi \u00e8 stato capace di iniziare una corrente nuova, annuncio vivo del Dio con noi. Non temete! \u00abLa forza della testimonianza dei santi sta nel vivere le Beatitudini e la regola di comportamento del giudizio finale\u00bb (Esort. ap. <i><a href=\"http:\/\/www.vatican.va\/content\/francesco\/it\/apost_exhortations\/documents\/papa-francesco_esortazione-ap_20180319_gaudete-et-exsultate.html#109\">Gaudete et exsultate<\/a><\/i>, 109).<\/strong><\/p>\n<\/div>\n<\/div>\n<\/div>\n<\/div>\n<\/div>\n","protected":false},"excerpt":{"rendered":"In preparazione alla Solennit\u00e0 del Sacro Cuore e Giornata di Santificazione del Clero, ci lasciamo accompagnare da alcuni passaggi della Lettera di Papa Francesco al Clero romano. Nessuna delle sofferenze o tribolazioni vadano perdute a beneficio dei nostri Pastori. &#8220;Cari fratelli, in quanto comunit\u00e0 presbiterale siamo chiamati ad annunciare e profetizzare il futuro, come la [&hellip;]","protected":false},"author":2,"featured_media":4533,"comment_status":"closed","ping_status":"closed","sticky":false,"template":"","format":"standard","meta":{"footnotes":""},"categories":[51],"tags":[],"class_list":["post-4532","post","type-post","status-publish","format-standard","has-post-thumbnail","hentry","category-box"],"_links":{"self":[{"href":"https:\/\/www.diocesidiroma.it\/sanitaria\/index.php\/wp-json\/wp\/v2\/posts\/4532","targetHints":{"allow":["GET"]}}],"collection":[{"href":"https:\/\/www.diocesidiroma.it\/sanitaria\/index.php\/wp-json\/wp\/v2\/posts"}],"about":[{"href":"https:\/\/www.diocesidiroma.it\/sanitaria\/index.php\/wp-json\/wp\/v2\/types\/post"}],"author":[{"embeddable":true,"href":"https:\/\/www.diocesidiroma.it\/sanitaria\/index.php\/wp-json\/wp\/v2\/users\/2"}],"replies":[{"embeddable":true,"href":"https:\/\/www.diocesidiroma.it\/sanitaria\/index.php\/wp-json\/wp\/v2\/comments?post=4532"}],"version-history":[{"count":1,"href":"https:\/\/www.diocesidiroma.it\/sanitaria\/index.php\/wp-json\/wp\/v2\/posts\/4532\/revisions"}],"predecessor-version":[{"id":4534,"href":"https:\/\/www.diocesidiroma.it\/sanitaria\/index.php\/wp-json\/wp\/v2\/posts\/4532\/revisions\/4534"}],"wp:featuredmedia":[{"embeddable":true,"href":"https:\/\/www.diocesidiroma.it\/sanitaria\/index.php\/wp-json\/wp\/v2\/media\/4533"}],"wp:attachment":[{"href":"https:\/\/www.diocesidiroma.it\/sanitaria\/index.php\/wp-json\/wp\/v2\/media?parent=4532"}],"wp:term":[{"taxonomy":"category","embeddable":true,"href":"https:\/\/www.diocesidiroma.it\/sanitaria\/index.php\/wp-json\/wp\/v2\/categories?post=4532"},{"taxonomy":"post_tag","embeddable":true,"href":"https:\/\/www.diocesidiroma.it\/sanitaria\/index.php\/wp-json\/wp\/v2\/tags?post=4532"}],"curies":[{"name":"wp","href":"https:\/\/api.w.org\/{rel}","templated":true}]}}