
{"id":4541,"date":"2020-06-18T12:15:24","date_gmt":"2020-06-18T10:15:24","guid":{"rendered":"https:\/\/www.diocesidiroma.it\/sanitaria\/?p=4541"},"modified":"2020-06-18T12:25:17","modified_gmt":"2020-06-18T10:25:17","slug":"avete-visto-arrivare-il-lupo-e-non-siete-fuggiti-ne-avete-abbandonato-il-gregge-in-preparazione-alla-solennita-del-sacro-cuore","status":"publish","type":"post","link":"https:\/\/www.diocesidiroma.it\/sanitaria\/index.php\/avete-visto-arrivare-il-lupo-e-non-siete-fuggiti-ne-avete-abbandonato-il-gregge-in-preparazione-alla-solennita-del-sacro-cuore\/","title":{"rendered":"In preparazione alla Solennit\u00e0 del Sacro Cuore &#8211; \u00abAvete visto arrivare il lupo e non siete fuggiti n\u00e9 avete abbandonato il gregge\u00bb"},"content":{"rendered":"<div class=\"_10 _51ly _3v1e uiLayer _4-hy _3qw\">\n<div class=\"_59s7\" role=\"dialog\" aria-labelledby=\"js_6d8\">\n<div class=\"_4t2a\">\n<div class=\"_51lz _4-i2 _pig _50f4\">\n<div id=\"rc.u_d5_0\" class=\"_1nby _36bx _4-u2 _4-u8\" data-test-actorid=\"1978740302364043\">\n<div class=\"_4zoz _5xv3 _4cw _4-u3\">\n<div id=\"js_6dc\" class=\"_2_lq\">\n<div class=\"_4wbt\">\n<div class=\"clearfix _ikh\">\n<div class=\"_4bl9\">\n<div class=\"_3nd0\">\n<div class=\"_1mwp navigationFocus _395 _1mwq _4c_p _5bu_ _34nd _21mu _5yk1\" role=\"presentation\">\n<div class=\"_5yk2\" tabindex=\"-1\">\n<div class=\"_5rp7\">\n<div class=\"_5rpb\">\n<div class=\"notranslate _5rpu\" role=\"textbox\" contenteditable=\"true\" spellcheck=\"false\" aria-controls=\"js_6d9\" aria-autocomplete=\"list\" aria-label=\"Scrivi qualcosa su queste foto...\" aria-multiline=\"true\">\n<div data-contents=\"true\">\n<div data-offset-key=\"7gral-0-0\" data-block=\"true\" data-editor=\"8qc6r\">\n<div data-offset-key=\"7gral-0-0\"><strong>Pregare per la santificazione dei Sacerdoti \u00e8 un impegno di tutto il popolo di Dio. Solo la fede e l&#8217;amore a Cristo Ges\u00f9 e il valore prezioso di ogni persona al fine della salvezza integrale, aiutano a comprendere il dono grande fatto dal Signore alla sua Chiesa nella persona dei Sacerdoti. La loro presenza non \u00e8 funzionale ma rende presente i segni efficaci dell&#8217;Amore misericordioso del Padre offerti in Cristo Ges\u00f9.\u00a0<\/strong><\/div>\n<div data-offset-key=\"7gral-0-0\"><\/div>\n<div class=\"_1mf _1mj\" data-offset-key=\"7gral-0-0\"><strong>&#8220;Che siano le mani piagate del Risorto a consolare le nostre tristezze, a risollevare la nostra speranza e a spingerci a cercare il Regno di Dio al di l\u00e0 dei nostri rifugi abituali. Lasciamoci sorprendere anche dal nostro popolo fedele e semplice, tante volte provato e lacerato, ma anche visitato dalla misericordia del Signore. Che questo popolo ci insegni a plasmare e temperare il nostro cuore di pastori con la mitezza e la compassione, con l\u2019umilt\u00e0 e la magnanimit\u00e0 della resistenza attiva, solidale, paziente e coraggiosa, che non resta indifferente, ma smentisce e smaschera ogni scetticismo e fatalismo.<\/strong><\/div>\n<div data-offset-key=\"7gral-0-0\"><img loading=\"lazy\" decoding=\"async\" class=\"alignnone size-medium wp-image-4542\" src=\"https:\/\/www.diocesidiroma.it\/sanitaria\/wp-content\/uploads\/2020\/06\/santificazione-sacerdoti-300x169.jpg\" alt=\"\" width=\"300\" height=\"169\" srcset=\"https:\/\/www.diocesidiroma.it\/sanitaria\/wp-content\/uploads\/2020\/06\/santificazione-sacerdoti-300x169.jpg 300w, https:\/\/www.diocesidiroma.it\/sanitaria\/wp-content\/uploads\/2020\/06\/santificazione-sacerdoti.jpg 512w\" sizes=\"auto, (max-width: 300px) 100vw, 300px\" \/><\/div>\n<div class=\"_1mf _1mj\" data-offset-key=\"7gral-0-0\"><strong>Quanto c\u2019\u00e8 da imparare dalla forza del Popolo fedele di Dio che trova sempre il modo di soccorrere e accompagnare chi \u00e8 caduto! La Risurrezione \u00e8 l\u2019annuncio che le cose possono cambiare. Lasciamo che sia la Pasqua, che non conosce frontiere, a condurci creativamente nei luoghi dove la speranza e la vita stanno combattendo, dove la sofferenza e il dolore diventano uno spazio propizio per la corruzione e la speculazione, dove l\u2019aggressivit\u00e0 e la violenza sembrano essere l\u2019unica via d\u2019uscita. (Papa Francesco)<\/strong><\/div>\n<\/div>\n<\/div>\n<\/div>\n<\/div>\n<\/div>\n<\/div>\n<\/div>\n<\/div>\n<\/div>\n<\/div>\n<\/div>\n<\/div>\n<\/div>\n<\/div>\n<\/div>\n<\/div>\n<\/div>\n<\/div>\n","protected":false},"excerpt":{"rendered":"Pregare per la santificazione dei Sacerdoti \u00e8 un impegno di tutto il popolo di Dio. Solo la fede e l&#8217;amore a Cristo Ges\u00f9 e il valore prezioso di ogni persona al fine della salvezza integrale, aiutano a comprendere il dono grande fatto dal Signore alla sua Chiesa nella persona dei Sacerdoti. La loro presenza non [&hellip;]","protected":false},"author":2,"featured_media":4542,"comment_status":"closed","ping_status":"closed","sticky":false,"template":"","format":"standard","meta":{"footnotes":""},"categories":[51],"tags":[],"class_list":["post-4541","post","type-post","status-publish","format-standard","has-post-thumbnail","hentry","category-box"],"_links":{"self":[{"href":"https:\/\/www.diocesidiroma.it\/sanitaria\/index.php\/wp-json\/wp\/v2\/posts\/4541","targetHints":{"allow":["GET"]}}],"collection":[{"href":"https:\/\/www.diocesidiroma.it\/sanitaria\/index.php\/wp-json\/wp\/v2\/posts"}],"about":[{"href":"https:\/\/www.diocesidiroma.it\/sanitaria\/index.php\/wp-json\/wp\/v2\/types\/post"}],"author":[{"embeddable":true,"href":"https:\/\/www.diocesidiroma.it\/sanitaria\/index.php\/wp-json\/wp\/v2\/users\/2"}],"replies":[{"embeddable":true,"href":"https:\/\/www.diocesidiroma.it\/sanitaria\/index.php\/wp-json\/wp\/v2\/comments?post=4541"}],"version-history":[{"count":3,"href":"https:\/\/www.diocesidiroma.it\/sanitaria\/index.php\/wp-json\/wp\/v2\/posts\/4541\/revisions"}],"predecessor-version":[{"id":4546,"href":"https:\/\/www.diocesidiroma.it\/sanitaria\/index.php\/wp-json\/wp\/v2\/posts\/4541\/revisions\/4546"}],"wp:featuredmedia":[{"embeddable":true,"href":"https:\/\/www.diocesidiroma.it\/sanitaria\/index.php\/wp-json\/wp\/v2\/media\/4542"}],"wp:attachment":[{"href":"https:\/\/www.diocesidiroma.it\/sanitaria\/index.php\/wp-json\/wp\/v2\/media?parent=4541"}],"wp:term":[{"taxonomy":"category","embeddable":true,"href":"https:\/\/www.diocesidiroma.it\/sanitaria\/index.php\/wp-json\/wp\/v2\/categories?post=4541"},{"taxonomy":"post_tag","embeddable":true,"href":"https:\/\/www.diocesidiroma.it\/sanitaria\/index.php\/wp-json\/wp\/v2\/tags?post=4541"}],"curies":[{"name":"wp","href":"https:\/\/api.w.org\/{rel}","templated":true}]}}